{"id":66442,"date":"2026-03-12T15:43:05","date_gmt":"2026-03-12T21:43:05","guid":{"rendered":"https:\/\/labestiapolitica.com.mx\/?p=66442"},"modified":"2026-03-12T16:17:21","modified_gmt":"2026-03-12T22:17:21","slug":"reforma-electoral-diputados-de-tlaxcala-votan-en-contra-en-su-mayoria-solo-conchas-respalda-y-aguilar-se-ausenta","status":"publish","type":"post","link":"https:\/\/labestiapolitica.com.mx\/?p=66442","title":{"rendered":"Reforma electoral: Diputados de Tlaxcala votan en contra en su mayor\u00eda; solo Conchas respalda  y Aguilar se ausenta"},"content":{"rendered":"<ul>\n<li class=\"p1\" style=\"text-align: justify;\">De los cuatro representantes tlaxcaltecas en San L\u00e1zaro, dos legisladoras rechazaron el dictamen, uno se ausent\u00f3 y el \u00fanico voto a favor fue de V\u00e1zquez Conchas<\/li>\n<\/ul>\n<p class=\"p1\" style=\"text-align: justify;\"><span class=\"s1\">Mariana LOVERA\/\/ En el marco de la votaci\u00f3n de la reforma electoral impulsada por la presidenta Claudia Sheinbaum Pardo, la delegaci\u00f3n de diputados federales de Tlaxcala mostr\u00f3 posturas divididas, a\u00fan qu\u00e9 <\/span><span class=\"s1\">con un claro predominio del rechazo a la iniciativa, que finalmente fue rechazada.<\/span><\/p>\n<p class=\"p1\" style=\"text-align: justify;\"><span class=\"s1\">Las diputadas Yordana Garay Loredo, del Partido del Trabajo (PT), y Mariana Jim\u00e9nez Zamora, del Partido Acci\u00f3n Nacional (MC), votaron en contra del dictamen durante la sesi\u00f3n celebrada en el Palacio Legislativo de San L\u00e1zaro. Por su parte, el petista Jos\u00e9 Alejandro Aguilar L\u00f3pez registr\u00f3 ausencia en la votaci\u00f3n.<\/span><\/p>\n<p class=\"p1\" style=\"text-align: justify;\"><span class=\"s1\">El \u00fanico representante tlaxcalteca que respald\u00f3 la reforma fue Raymundo V\u00e1zquez Conchas, de la bancada de Morena.<\/span><\/p>\n<p class=\"p1\" style=\"text-align: justify;\"><span class=\"s1\">En total, la reforma electoral recibi\u00f3 259 votos a favor, 234 en contra y una abstenci\u00f3n, con 494 legisladores participantes. La iniciativa, que buscar\u00eda modificar diversas disposiciones en materia electoral, fue respaldada mayoritariamente por Morena, aunque tres de sus diputadas votaron en contra: Giselle Arellano \u00c1vila, Alejandra Chedraui Peralta y Santy Montemayor. Adem\u00e1s, se registraron ausencias notables como la de Manuel Espino, por razones de salud.<\/span><\/p>\n<p class=\"p1\" style=\"text-align: justify;\"><span class=\"s1\">El PAN y Movimiento Ciudadano votaron en contra de manera un\u00e1nime, mientras que el PRI tambi\u00e9n rechaz\u00f3 la reforma, con una ausencia. El PT, aunque vot\u00f3 en contra mayoritariamente, tuvo un voto a favor y la ausencia del diputado tlaxcalteca Aguilar L\u00f3pez. <\/span><\/p>\n<p class=\"p1\" style=\"text-align: justify;\"><span class=\"s1\">El PVEM vot\u00f3 en contra en su mayor\u00eda, pero 12 votaron a favor. <\/span><\/p>\n<p class=\"p1\" style=\"text-align: justify;\"><span class=\"s1\">Al se\u00f1alar que el rechazo a su reforma electoral sea una derrota, la presidenta Claudia Sheinbaum Pardo inform\u00f3 que el lunes enviar\u00e1 al Congreso el Plan B, con reformas incluso constitucionales, con el fin de acabar con los privilegios, por lo cual buscar\u00e1 poner tope m\u00e1ximo a los recursos que se destinan a los diputados locales y a los regidores de municipios; ampliar la consulta p\u00fablica hacia temas electorales, como el presupuesto de los partidos pol\u00edticos, y que la revocaci\u00f3n de mandato sea en el tercero \u00a0cuarto a\u00f1o de gobierno.<\/span><\/p>\n","protected":false},"excerpt":{"rendered":"<p>De los cuatro representantes tlaxcaltecas en San L\u00e1zaro, dos legisladoras rechazaron el dictamen, uno se ausent\u00f3 y el \u00fanico voto a favor fue de V\u00e1zquez Conchas Mariana LOVERA\/\/ En el marco de la votaci\u00f3n de la reforma electoral impulsada por la presidenta Claudia Sheinbaum Pardo, la delegaci\u00f3n de diputados federales de Tlaxcala mostr\u00f3 posturas divididas, [&hellip;]<\/p>\n","protected":false},"author":6,"featured_media":66444,"comment_status":"open","ping_status":"open","sticky":false,"template":"","format":"standard","meta":{"footnotes":""},"categories":[3,229],"tags":[],"class_list":["post-66442","post","type-post","status-publish","format-standard","has-post-thumbnail","hentry","category-8-columnas","category-camara-de-diputados"],"amp_enabled":true,"_links":{"self":[{"href":"https:\/\/labestiapolitica.com.mx\/index.php?rest_route=\/wp\/v2\/posts\/66442","targetHints":{"allow":["GET"]}}],"collection":[{"href":"https:\/\/labestiapolitica.com.mx\/index.php?rest_route=\/wp\/v2\/posts"}],"about":[{"href":"https:\/\/labestiapolitica.com.mx\/index.php?rest_route=\/wp\/v2\/types\/post"}],"author":[{"embeddable":true,"href":"https:\/\/labestiapolitica.com.mx\/index.php?rest_route=\/wp\/v2\/users\/6"}],"replies":[{"embeddable":true,"href":"https:\/\/labestiapolitica.com.mx\/index.php?rest_route=%2Fwp%2Fv2%2Fcomments&post=66442"}],"version-history":[{"count":2,"href":"https:\/\/labestiapolitica.com.mx\/index.php?rest_route=\/wp\/v2\/posts\/66442\/revisions"}],"predecessor-version":[{"id":66449,"href":"https:\/\/labestiapolitica.com.mx\/index.php?rest_route=\/wp\/v2\/posts\/66442\/revisions\/66449"}],"wp:featuredmedia":[{"embeddable":true,"href":"https:\/\/labestiapolitica.com.mx\/index.php?rest_route=\/wp\/v2\/media\/66444"}],"wp:attachment":[{"href":"https:\/\/labestiapolitica.com.mx\/index.php?rest_route=%2Fwp%2Fv2%2Fmedia&parent=66442"}],"wp:term":[{"taxonomy":"category","embeddable":true,"href":"https:\/\/labestiapolitica.com.mx\/index.php?rest_route=%2Fwp%2Fv2%2Fcategories&post=66442"},{"taxonomy":"post_tag","embeddable":true,"href":"https:\/\/labestiapolitica.com.mx\/index.php?rest_route=%2Fwp%2Fv2%2Ftags&post=66442"}],"curies":[{"name":"wp","href":"https:\/\/api.w.org\/{rel}","templated":true}]}}