{"id":66443,"date":"2026-03-12T15:43:23","date_gmt":"2026-03-12T21:43:23","guid":{"rendered":"https:\/\/labestiapolitica.com.mx\/?p=66443"},"modified":"2026-03-12T15:43:23","modified_gmt":"2026-03-12T21:43:23","slug":"%f0%9f%a5%8b%f0%9f%92%9c-umt-impulsa-curso-de-defensa-personal-para-fortalecer-la-seguridad-de-sus-estudiantes","status":"publish","type":"post","link":"https:\/\/labestiapolitica.com.mx\/?p=66443","title":{"rendered":"\ud83e\udd4b\ud83d\udc9c UMT impulsa curso de defensa personal para fortalecer la seguridad de sus estudiantes"},"content":{"rendered":"<p style=\"text-align: justify;\" data-start=\"98\" data-end=\"408\">Como parte de las acciones de la <span class=\"hover:entity-accent entity-underline inline cursor-pointer align-baseline\"><span class=\"whitespace-normal\">Universidad Metropolitana de Tlaxcala<\/span><\/span> como escuela promotora de la salud, se llev\u00f3 a cabo un <strong data-start=\"224\" data-end=\"272\">curso de defensa personal dirigido a mujeres<\/strong>, con el objetivo de fortalecer la seguridad, confianza y capacidad de respuesta de las estudiantes ante posibles situaciones de riesgo.<\/p>\n<p style=\"text-align: justify;\" data-start=\"410\" data-end=\"638\">La capacitaci\u00f3n estuvo dirigida a alumnas de las licenciaturas en <strong data-start=\"476\" data-end=\"531\">Fisioterapia y Derecho del Sistema Incorporado a la<\/strong> <span class=\"hover:entity-accent entity-underline inline cursor-pointer align-baseline\"><span class=\"whitespace-normal\">Universidad Nacional Aut\u00f3noma de M\u00e9xico<\/span><\/span>, promoviendo herramientas pr\u00e1cticas para su autocuidado y bienestar.<\/p>\n<p style=\"text-align: justify;\" data-start=\"640\" data-end=\"975\">La pr\u00e1ctica fue impartida por <span class=\"hover:entity-accent entity-underline inline cursor-pointer align-baseline\"><span class=\"whitespace-normal\">Eric Alan Vigueras Salgado<\/span><\/span>, especialista en taekwondo con grado <strong data-start=\"745\" data-end=\"755\">5\u00b0 Dan<\/strong>, abogado y docente de la Licenciatura en Derecho, quien cuenta con experiencia en protocolos de actuaci\u00f3n y modelos de atenci\u00f3n enfocados en la creaci\u00f3n de entornos seguros dentro de instituciones educativas y sociales.<\/p>\n<p style=\"text-align: justify;\" data-start=\"977\" data-end=\"1206\">Con este tipo de actividades, la instituci\u00f3n busca convertir la prevenci\u00f3n en una herramienta de empoderamiento para su comunidad estudiantil, promoviendo espacios m\u00e1s seguros y fortaleciendo el bienestar integral de las alumnas.<\/p>\n","protected":false},"excerpt":{"rendered":"<p>Como parte de las acciones de la Universidad Metropolitana de Tlaxcala como escuela promotora de la salud, se llev\u00f3 a cabo un curso de defensa personal dirigido a mujeres, con el objetivo de fortalecer la seguridad, confianza y capacidad de respuesta de las estudiantes ante posibles situaciones de riesgo. La capacitaci\u00f3n estuvo dirigida a alumnas [&hellip;]<\/p>\n","protected":false},"author":3,"featured_media":66446,"comment_status":"open","ping_status":"open","sticky":false,"template":"","format":"standard","meta":{"footnotes":""},"categories":[244],"tags":[],"class_list":["post-66443","post","type-post","status-publish","format-standard","has-post-thumbnail","hentry","category-umt"],"amp_enabled":true,"_links":{"self":[{"href":"https:\/\/labestiapolitica.com.mx\/index.php?rest_route=\/wp\/v2\/posts\/66443","targetHints":{"allow":["GET"]}}],"collection":[{"href":"https:\/\/labestiapolitica.com.mx\/index.php?rest_route=\/wp\/v2\/posts"}],"about":[{"href":"https:\/\/labestiapolitica.com.mx\/index.php?rest_route=\/wp\/v2\/types\/post"}],"author":[{"embeddable":true,"href":"https:\/\/labestiapolitica.com.mx\/index.php?rest_route=\/wp\/v2\/users\/3"}],"replies":[{"embeddable":true,"href":"https:\/\/labestiapolitica.com.mx\/index.php?rest_route=%2Fwp%2Fv2%2Fcomments&post=66443"}],"version-history":[{"count":1,"href":"https:\/\/labestiapolitica.com.mx\/index.php?rest_route=\/wp\/v2\/posts\/66443\/revisions"}],"predecessor-version":[{"id":66447,"href":"https:\/\/labestiapolitica.com.mx\/index.php?rest_route=\/wp\/v2\/posts\/66443\/revisions\/66447"}],"wp:featuredmedia":[{"embeddable":true,"href":"https:\/\/labestiapolitica.com.mx\/index.php?rest_route=\/wp\/v2\/media\/66446"}],"wp:attachment":[{"href":"https:\/\/labestiapolitica.com.mx\/index.php?rest_route=%2Fwp%2Fv2%2Fmedia&parent=66443"}],"wp:term":[{"taxonomy":"category","embeddable":true,"href":"https:\/\/labestiapolitica.com.mx\/index.php?rest_route=%2Fwp%2Fv2%2Fcategories&post=66443"},{"taxonomy":"post_tag","embeddable":true,"href":"https:\/\/labestiapolitica.com.mx\/index.php?rest_route=%2Fwp%2Fv2%2Ftags&post=66443"}],"curies":[{"name":"wp","href":"https:\/\/api.w.org\/{rel}","templated":true}]}}