{"id":66450,"date":"2026-03-12T16:44:03","date_gmt":"2026-03-12T22:44:03","guid":{"rendered":"https:\/\/labestiapolitica.com.mx\/?p=66450"},"modified":"2026-03-12T16:44:24","modified_gmt":"2026-03-12T22:44:24","slug":"reitera-giovani-montiel-apoyo-a-la-cultura-y-tradicion-de-tetla","status":"publish","type":"post","link":"https:\/\/labestiapolitica.com.mx\/?p=66450","title":{"rendered":"Reitera Giovani Montiel apoyo a la Cultura y tradici\u00f3n de Tetla."},"content":{"rendered":"<p style=\"text-align: justify;\"><em>Demian M\u00e1rquez<\/em> | El presidente municipal de Tetla de la Solidaridad, Giovani Montiel L\u00f3pez, destac\u00f3 que el carnaval del municipio contin\u00faa fortaleci\u00e9ndose gracias al trabajo de las camadas y al respaldo del ayuntamiento, que este a\u00f1o otorg\u00f3 15 mil pesos a cada una de las 13 agrupaciones que participar\u00e1n en las celebraciones de Semana Santa.<\/p>\n<p style=\"text-align: justify;\">El edil se\u00f1al\u00f3 que el objetivo es apoyar los gastos que implica cada presentaci\u00f3n, como m\u00fasica en vivo, vestuario y organizaci\u00f3n en las distintas comunidades.<\/p>\n<p style=\"text-align: justify;\">Durante entrevista, el alcalde explic\u00f3 que las camadas representan una de las expresiones culturales m\u00e1s arraigadas de Tetla, ya que muchas de ellas tienen una historia que se ha transmitido de generaci\u00f3n en generaci\u00f3n dentro de las familias.<\/p>\n<p style=\"text-align: justify;\">Incluso, dijo, algunas agrupaciones llevan el apellido de quienes las fundaron, lo que refleja el fuerte v\u00ednculo entre la tradici\u00f3n del carnaval y la identidad de las comunidades.<\/p>\n<p style=\"text-align: justify;\">Montiel L\u00f3pez subray\u00f3 que la participaci\u00f3n en estas agrupaciones es voluntaria y responde al compromiso de los propios vecinos por preservar la cultura local.<\/p>\n<p style=\"text-align: justify;\">Por ello, afirm\u00f3 que el gobierno municipal busca corresponder a ese esfuerzo con apoyos que contribuyan a mantener viva una de las festividades m\u00e1s representativas del municipio.<\/p>\n<p style=\"text-align: justify;\">Asimismo, el alcalde anunci\u00f3 que el pr\u00f3ximo 5 de abril se realizar\u00e1 un encuentro de camadas en el centro de Tetla, evento que reunir\u00e1 a agrupaciones del municipio en una jornada que se desarrollar\u00e1 de 12 del d\u00eda a 9 de la noche.<\/p>\n<p style=\"text-align: justify;\">La actividad busca fortalecer la convivencia entre las camadas y acercar esta tradici\u00f3n a la poblaci\u00f3n, adem\u00e1s de impulsar el carnaval como parte del patrimonio cultural que distingue a Tetla dentro del estado.<\/p>\n","protected":false},"excerpt":{"rendered":"<p>Demian M\u00e1rquez | El presidente municipal de Tetla de la Solidaridad, Giovani Montiel L\u00f3pez, destac\u00f3 que el carnaval del municipio contin\u00faa fortaleci\u00e9ndose gracias al trabajo de las camadas y al respaldo del ayuntamiento, que este a\u00f1o otorg\u00f3 15 mil pesos a cada una de las 13 agrupaciones que participar\u00e1n en las celebraciones de Semana Santa. [&hellip;]<\/p>\n","protected":false},"author":5,"featured_media":66451,"comment_status":"open","ping_status":"open","sticky":false,"template":"","format":"standard","meta":{"footnotes":""},"categories":[3,7,216,227],"tags":[],"class_list":["post-66450","post","type-post","status-publish","format-standard","has-post-thumbnail","hentry","category-8-columnas","category-ciudadanos","category-municipios","category-tetla"],"amp_enabled":true,"_links":{"self":[{"href":"https:\/\/labestiapolitica.com.mx\/index.php?rest_route=\/wp\/v2\/posts\/66450","targetHints":{"allow":["GET"]}}],"collection":[{"href":"https:\/\/labestiapolitica.com.mx\/index.php?rest_route=\/wp\/v2\/posts"}],"about":[{"href":"https:\/\/labestiapolitica.com.mx\/index.php?rest_route=\/wp\/v2\/types\/post"}],"author":[{"embeddable":true,"href":"https:\/\/labestiapolitica.com.mx\/index.php?rest_route=\/wp\/v2\/users\/5"}],"replies":[{"embeddable":true,"href":"https:\/\/labestiapolitica.com.mx\/index.php?rest_route=%2Fwp%2Fv2%2Fcomments&post=66450"}],"version-history":[{"count":2,"href":"https:\/\/labestiapolitica.com.mx\/index.php?rest_route=\/wp\/v2\/posts\/66450\/revisions"}],"predecessor-version":[{"id":66453,"href":"https:\/\/labestiapolitica.com.mx\/index.php?rest_route=\/wp\/v2\/posts\/66450\/revisions\/66453"}],"wp:featuredmedia":[{"embeddable":true,"href":"https:\/\/labestiapolitica.com.mx\/index.php?rest_route=\/wp\/v2\/media\/66451"}],"wp:attachment":[{"href":"https:\/\/labestiapolitica.com.mx\/index.php?rest_route=%2Fwp%2Fv2%2Fmedia&parent=66450"}],"wp:term":[{"taxonomy":"category","embeddable":true,"href":"https:\/\/labestiapolitica.com.mx\/index.php?rest_route=%2Fwp%2Fv2%2Fcategories&post=66450"},{"taxonomy":"post_tag","embeddable":true,"href":"https:\/\/labestiapolitica.com.mx\/index.php?rest_route=%2Fwp%2Fv2%2Ftags&post=66450"}],"curies":[{"name":"wp","href":"https:\/\/api.w.org\/{rel}","templated":true}]}}