{"id":66469,"date":"2026-03-12T17:27:44","date_gmt":"2026-03-12T23:27:44","guid":{"rendered":"https:\/\/labestiapolitica.com.mx\/?p=66469"},"modified":"2026-03-12T17:27:44","modified_gmt":"2026-03-12T23:27:44","slug":"inauguran-punto-cultural-en-zacualpan-para-fortalecer-el-arte-y-la-cultura-en-el-municipio","status":"publish","type":"post","link":"https:\/\/labestiapolitica.com.mx\/?p=66469","title":{"rendered":"Inauguran Punto Cultural en Zacualpan para fortalecer el arte y la cultura en el municipio."},"content":{"rendered":"<p style=\"text-align: justify;\">La presidenta municipal de Zacualpan, Sandra Corona Padilla, inaugur\u00f3 el Punto Cultural, un nuevo espacio impulsado por la Secretar\u00eda de Cultura del Estado de Tlaxcala que tiene como objetivo acercar el arte y la cultura a la comunidad.<\/p>\n<p style=\"text-align: justify;\">Durante la apertura, se cont\u00f3 con la presentaci\u00f3n del Ballet de Apizaco, actividad realizada en el marco del D\u00eda Internacional de la Mujer, reafirmando el compromiso de generar espacios de participaci\u00f3n, inclusi\u00f3n y expresi\u00f3n cultural para la ciudadan\u00eda.<\/p>\n<p style=\"text-align: justify;\">La inauguraci\u00f3n de este Punto Cultural representa una oportunidad para que ni\u00f1as, ni\u00f1os, j\u00f3venes y personas adultas puedan acercarse a diversas expresiones art\u00edsticas, fomentando la convivencia y fortaleciendo la identidad cultural de la comunidad.<\/p>\n<p style=\"text-align: justify;\">La presidenta municipal destac\u00f3 que en Zacualpan se continuar\u00e1 impulsando el arte y la cultura como parte fundamental del desarrollo social del municipio, promoviendo actividades que fortalezcan los valores, la identidad y la participaci\u00f3n de las y los habitantes.<\/p>\n<p style=\"text-align: justify;\">Con acciones como esta, el Gobierno Municipal refrenda su compromiso de seguir trabajando para que la cultura sea un motor de desarrollo y convivencia en Zacualpan.<\/p>\n","protected":false},"excerpt":{"rendered":"<p>La presidenta municipal de Zacualpan, Sandra Corona Padilla, inaugur\u00f3 el Punto Cultural, un nuevo espacio impulsado por la Secretar\u00eda de Cultura del Estado de Tlaxcala que tiene como objetivo acercar el arte y la cultura a la comunidad. Durante la apertura, se cont\u00f3 con la presentaci\u00f3n del Ballet de Apizaco, actividad realizada en el marco [&hellip;]<\/p>\n","protected":false},"author":5,"featured_media":66470,"comment_status":"open","ping_status":"open","sticky":false,"template":"","format":"standard","meta":{"footnotes":""},"categories":[216,219],"tags":[],"class_list":["post-66469","post","type-post","status-publish","format-standard","has-post-thumbnail","hentry","category-municipios","category-san-jeronimo-zacualpan"],"amp_enabled":true,"_links":{"self":[{"href":"https:\/\/labestiapolitica.com.mx\/index.php?rest_route=\/wp\/v2\/posts\/66469","targetHints":{"allow":["GET"]}}],"collection":[{"href":"https:\/\/labestiapolitica.com.mx\/index.php?rest_route=\/wp\/v2\/posts"}],"about":[{"href":"https:\/\/labestiapolitica.com.mx\/index.php?rest_route=\/wp\/v2\/types\/post"}],"author":[{"embeddable":true,"href":"https:\/\/labestiapolitica.com.mx\/index.php?rest_route=\/wp\/v2\/users\/5"}],"replies":[{"embeddable":true,"href":"https:\/\/labestiapolitica.com.mx\/index.php?rest_route=%2Fwp%2Fv2%2Fcomments&post=66469"}],"version-history":[{"count":1,"href":"https:\/\/labestiapolitica.com.mx\/index.php?rest_route=\/wp\/v2\/posts\/66469\/revisions"}],"predecessor-version":[{"id":66471,"href":"https:\/\/labestiapolitica.com.mx\/index.php?rest_route=\/wp\/v2\/posts\/66469\/revisions\/66471"}],"wp:featuredmedia":[{"embeddable":true,"href":"https:\/\/labestiapolitica.com.mx\/index.php?rest_route=\/wp\/v2\/media\/66470"}],"wp:attachment":[{"href":"https:\/\/labestiapolitica.com.mx\/index.php?rest_route=%2Fwp%2Fv2%2Fmedia&parent=66469"}],"wp:term":[{"taxonomy":"category","embeddable":true,"href":"https:\/\/labestiapolitica.com.mx\/index.php?rest_route=%2Fwp%2Fv2%2Fcategories&post=66469"},{"taxonomy":"post_tag","embeddable":true,"href":"https:\/\/labestiapolitica.com.mx\/index.php?rest_route=%2Fwp%2Fv2%2Ftags&post=66469"}],"curies":[{"name":"wp","href":"https:\/\/api.w.org\/{rel}","templated":true}]}}