{"id":66479,"date":"2026-03-12T17:57:42","date_gmt":"2026-03-12T23:57:42","guid":{"rendered":"https:\/\/labestiapolitica.com.mx\/?p=66479"},"modified":"2026-03-12T17:57:42","modified_gmt":"2026-03-12T23:57:42","slug":"promueve-xaltocan-el-autoempleo-y-reactivacion-de-economia-local","status":"publish","type":"post","link":"https:\/\/labestiapolitica.com.mx\/?p=66479","title":{"rendered":"Promueve Xaltocan el autoempleo y reactivaci\u00f3n de econom\u00eda local."},"content":{"rendered":"<p style=\"text-align: justify;\"><em>Demian M\u00e1rquez<\/em>| Con el objetivo de impulsar el autoempleo y fortalecer la econom\u00eda familiar, el ayuntamiento de Xaltocan realiz\u00f3 la rifa de 10 apoyos para iniciar peque\u00f1os negocios, dirigidos a habitantes del municipio interesados en emprender una actividad productiva.<\/p>\n<p style=\"text-align: justify;\">El programa fue encabezado por el alcalde Jos\u00e9 Luis Hern\u00e1ndez V\u00e1zquez, quien destac\u00f3 que la iniciativa busca brindar herramientas de trabajo para que las familias generen ingresos propios.<\/p>\n<p style=\"text-align: justify;\">Durante el evento se entregaron equipos completos para diferentes giros comerciales, entre ellos carritos para hamburguesas, tacos y tacos de guisado, equipo para tacos al pastor, kits para preparar tortillas, parrillas para asar pollo, utensilios para la venta de jugos, adem\u00e1s de hornos para pizza y pan.<\/p>\n<p style=\"text-align: justify;\">Cada apoyo incluye insumos b\u00e1sicos como mesas, bancos, tanques de gas y utensilios necesarios para comenzar la actividad.<\/p>\n<p style=\"text-align: justify;\">El presidente municipal explic\u00f3 que este programa se realizar\u00e1 cada fin de mes, con la finalidad de ampliar las oportunidades de autoempleo entre la poblaci\u00f3n.<\/p>\n<p style=\"text-align: justify;\">Se\u00f1al\u00f3 que las convocatorias estar\u00e1n abiertas para todos los habitantes del municipio y que, en futuras ediciones, se buscar\u00e1 diversificar los giros comerciales para evitar saturaci\u00f3n en un solo tipo de negocio y promover mayor variedad en la oferta local.<\/p>\n<p style=\"text-align: justify;\">Hern\u00e1ndez V\u00e1zquez subray\u00f3 que apoyar a los emprendedores significa fortalecer la econom\u00eda de las familias y generar m\u00e1s movimiento comercial dentro del municipio.<\/p>\n<p style=\"text-align: justify;\">Por ello, invit\u00f3 a la poblaci\u00f3n a participar en las pr\u00f3ximas rifas y a presentar propuestas de nuevos proyectos productivos que puedan incorporarse al programa.<\/p>\n<p style=\"text-align: justify;\">Finalmente, el alcalde adelant\u00f3 que, adem\u00e1s de estas acciones, el gobierno municipal iniciar\u00e1 obras p\u00fablicas en comunidades como Santa B\u00e1rbara y San Sim\u00f3n, adem\u00e1s de reforzar las acciones de seguridad mediante operativos de revisi\u00f3n vehicular y de motocicletas, con el prop\u00f3sito de mantener la tranquilidad entre los habitantes de Xaltocan.<\/p>\n","protected":false},"excerpt":{"rendered":"<p>Demian M\u00e1rquez| Con el objetivo de impulsar el autoempleo y fortalecer la econom\u00eda familiar, el ayuntamiento de Xaltocan realiz\u00f3 la rifa de 10 apoyos para iniciar peque\u00f1os negocios, dirigidos a habitantes del municipio interesados en emprender una actividad productiva. El programa fue encabezado por el alcalde Jos\u00e9 Luis Hern\u00e1ndez V\u00e1zquez, quien destac\u00f3 que la iniciativa [&hellip;]<\/p>\n","protected":false},"author":5,"featured_media":66481,"comment_status":"open","ping_status":"open","sticky":false,"template":"","format":"standard","meta":{"footnotes":""},"categories":[216,228],"tags":[],"class_list":["post-66479","post","type-post","status-publish","format-standard","has-post-thumbnail","hentry","category-municipios","category-xaltocan"],"amp_enabled":true,"_links":{"self":[{"href":"https:\/\/labestiapolitica.com.mx\/index.php?rest_route=\/wp\/v2\/posts\/66479","targetHints":{"allow":["GET"]}}],"collection":[{"href":"https:\/\/labestiapolitica.com.mx\/index.php?rest_route=\/wp\/v2\/posts"}],"about":[{"href":"https:\/\/labestiapolitica.com.mx\/index.php?rest_route=\/wp\/v2\/types\/post"}],"author":[{"embeddable":true,"href":"https:\/\/labestiapolitica.com.mx\/index.php?rest_route=\/wp\/v2\/users\/5"}],"replies":[{"embeddable":true,"href":"https:\/\/labestiapolitica.com.mx\/index.php?rest_route=%2Fwp%2Fv2%2Fcomments&post=66479"}],"version-history":[{"count":1,"href":"https:\/\/labestiapolitica.com.mx\/index.php?rest_route=\/wp\/v2\/posts\/66479\/revisions"}],"predecessor-version":[{"id":66483,"href":"https:\/\/labestiapolitica.com.mx\/index.php?rest_route=\/wp\/v2\/posts\/66479\/revisions\/66483"}],"wp:featuredmedia":[{"embeddable":true,"href":"https:\/\/labestiapolitica.com.mx\/index.php?rest_route=\/wp\/v2\/media\/66481"}],"wp:attachment":[{"href":"https:\/\/labestiapolitica.com.mx\/index.php?rest_route=%2Fwp%2Fv2%2Fmedia&parent=66479"}],"wp:term":[{"taxonomy":"category","embeddable":true,"href":"https:\/\/labestiapolitica.com.mx\/index.php?rest_route=%2Fwp%2Fv2%2Fcategories&post=66479"},{"taxonomy":"post_tag","embeddable":true,"href":"https:\/\/labestiapolitica.com.mx\/index.php?rest_route=%2Fwp%2Fv2%2Ftags&post=66479"}],"curies":[{"name":"wp","href":"https:\/\/api.w.org\/{rel}","templated":true}]}}