{"id":66490,"date":"2026-03-12T18:11:26","date_gmt":"2026-03-13T00:11:26","guid":{"rendered":"https:\/\/labestiapolitica.com.mx\/?p=66490"},"modified":"2026-03-12T18:11:26","modified_gmt":"2026-03-13T00:11:26","slug":"inicia-en-zacatelco-capacitacion-sobre-cuidado-de-ovinos-y-curtido-de-pieles-para-impulsar-el-autoempleo","status":"publish","type":"post","link":"https:\/\/labestiapolitica.com.mx\/?p=66490","title":{"rendered":"Inicia en Zacatelco capacitaci\u00f3n sobre cuidado de ovinos y curtido de pieles para impulsar el autoempleo."},"content":{"rendered":"<p style=\"text-align: justify;\">El Sistema Municipal para el Desarrollo Integral de la Familia (SMDIF) de Zacatelco puso en marcha una capacitaci\u00f3n enfocada en el cuidado de ovinos y el curtido de pieles, con el objetivo de brindar nuevas herramientas de aprendizaje y fomentar oportunidades de autoempleo entre la poblaci\u00f3n.<\/p>\n<p style=\"text-align: justify;\">El curso se desarrolla a trav\u00e9s de la Unidad de Gesti\u00f3n del SMDIF, en coordinaci\u00f3n con la Secretar\u00eda de Impulso Agropecuario (SIA), y est\u00e1 dirigido a personas interesadas en aprender t\u00e9cnicas relacionadas con el aprovechamiento de pieles de ovinos y caprinos.<\/p>\n<p style=\"text-align: justify;\">Durante las sesiones, las y los participantes conocer\u00e1n el proceso del curtido de pieles, una t\u00e9cnica tradicional que permite transformar este recurso en materiales \u00fatiles para la elaboraci\u00f3n de diversos productos, lo que puede representar una alternativa para el desarrollo de proyectos productivos y emprendimientos locales.<\/p>\n<p style=\"text-align: justify;\">La capacitaci\u00f3n inici\u00f3 este jueves 12 de marzo a las 10:00 de la ma\u00f1ana, reuniendo a ciudadanos interesados en fortalecer sus conocimientos en el \u00e1mbito agropecuario y artesanal.<\/p>\n<p style=\"text-align: justify;\">Autoridades del SMDIF destacaron que este tipo de actividades buscan impulsar el aprendizaje pr\u00e1ctico, el aprovechamiento responsable de los recursos y la generaci\u00f3n de oportunidades econ\u00f3micas para las familias del municipio.<\/p>\n<p style=\"text-align: justify;\">Asimismo, informaron que las inscripciones contin\u00faan abiertas para quienes deseen integrarse al curso. Las personas interesadas pueden registrarse directamente en las instalaciones del DIF Municipal de Zacatelco o solicitar mayor informaci\u00f3n comunic\u00e1ndose al tel\u00e9fono 246 497 1882.<\/p>\n<p style=\"text-align: justify;\">Con estas acciones, el SMDIF Zacatelco reafirma su compromiso de promover programas que fortalezcan las capacidades productivas del municipio y contribuyan al desarrollo local.<\/p>\n","protected":false},"excerpt":{"rendered":"<p>El Sistema Municipal para el Desarrollo Integral de la Familia (SMDIF) de Zacatelco puso en marcha una capacitaci\u00f3n enfocada en el cuidado de ovinos y el curtido de pieles, con el objetivo de brindar nuevas herramientas de aprendizaje y fomentar oportunidades de autoempleo entre la poblaci\u00f3n. El curso se desarrolla a trav\u00e9s de la Unidad [&hellip;]<\/p>\n","protected":false},"author":5,"featured_media":66491,"comment_status":"open","ping_status":"open","sticky":false,"template":"","format":"standard","meta":{"footnotes":""},"categories":[216,217],"tags":[],"class_list":["post-66490","post","type-post","status-publish","format-standard","has-post-thumbnail","hentry","category-municipios","category-zacatelco"],"amp_enabled":true,"_links":{"self":[{"href":"https:\/\/labestiapolitica.com.mx\/index.php?rest_route=\/wp\/v2\/posts\/66490","targetHints":{"allow":["GET"]}}],"collection":[{"href":"https:\/\/labestiapolitica.com.mx\/index.php?rest_route=\/wp\/v2\/posts"}],"about":[{"href":"https:\/\/labestiapolitica.com.mx\/index.php?rest_route=\/wp\/v2\/types\/post"}],"author":[{"embeddable":true,"href":"https:\/\/labestiapolitica.com.mx\/index.php?rest_route=\/wp\/v2\/users\/5"}],"replies":[{"embeddable":true,"href":"https:\/\/labestiapolitica.com.mx\/index.php?rest_route=%2Fwp%2Fv2%2Fcomments&post=66490"}],"version-history":[{"count":1,"href":"https:\/\/labestiapolitica.com.mx\/index.php?rest_route=\/wp\/v2\/posts\/66490\/revisions"}],"predecessor-version":[{"id":66492,"href":"https:\/\/labestiapolitica.com.mx\/index.php?rest_route=\/wp\/v2\/posts\/66490\/revisions\/66492"}],"wp:featuredmedia":[{"embeddable":true,"href":"https:\/\/labestiapolitica.com.mx\/index.php?rest_route=\/wp\/v2\/media\/66491"}],"wp:attachment":[{"href":"https:\/\/labestiapolitica.com.mx\/index.php?rest_route=%2Fwp%2Fv2%2Fmedia&parent=66490"}],"wp:term":[{"taxonomy":"category","embeddable":true,"href":"https:\/\/labestiapolitica.com.mx\/index.php?rest_route=%2Fwp%2Fv2%2Fcategories&post=66490"},{"taxonomy":"post_tag","embeddable":true,"href":"https:\/\/labestiapolitica.com.mx\/index.php?rest_route=%2Fwp%2Fv2%2Ftags&post=66490"}],"curies":[{"name":"wp","href":"https:\/\/api.w.org\/{rel}","templated":true}]}}