{"id":66502,"date":"2026-03-12T19:59:13","date_gmt":"2026-03-13T01:59:13","guid":{"rendered":"https:\/\/labestiapolitica.com.mx\/?p=66502"},"modified":"2026-03-12T19:59:13","modified_gmt":"2026-03-13T01:59:13","slug":"textiles-con-sello-hecho-en-chiautempan-se-proyectan-a-nivel-nacional","status":"publish","type":"post","link":"https:\/\/labestiapolitica.com.mx\/?p=66502","title":{"rendered":"Textiles con sello \u201cHecho en Chiautempan\u201d se proyectan a nivel nacional."},"content":{"rendered":"<p style=\"text-align: justify;\">La Direcci\u00f3n de Cultura y Turismo del Ayuntamiento de Chiautempan, en representaci\u00f3n de la presidenta municipal, Blanca Angulo Meneses, recibi\u00f3 en el municipio sarapero a directivos del Fondo Nacional para el Fomento de las Artesan\u00edas (FONART), quienes sostuvieron un encuentro con artesanos locales y conocieron de cerca los productos textiles que elaboran.<\/p>\n<p style=\"text-align: justify;\">La titular del \u00e1rea, Miryam Reyes Gonz\u00e1lez, explic\u00f3 que este acercamiento fortalece los v\u00ednculos del gobierno municipal con instituciones federales y permite promover la identidad cultural y la riqueza textil que distingue a Chiautempan, reconocido hist\u00f3ricamente como cuna textil.<\/p>\n<p style=\"text-align: justify;\">Asimismo, destac\u00f3 que, para la presidenta municipal, Blanca Angulo Meneses, es una prioridad respaldar a las y los artesanos del municipio y abrir nuevos espacios para la promoci\u00f3n de sus productos. En ese sentido, record\u00f3 que recientemente se logr\u00f3 el registro de marcas ic\u00f3nicas ante el Instituto Mexicano de la Propiedad Industrial (IMPI), entre ellas \u201cHecho en Chiautempan\u201d, sello que respalda la calidad y autenticidad de los textiles elaborados en el municipio.<\/p>\n<p style=\"text-align: justify;\">Finalmente, los representantes del FONART se\u00f1alaron que su visita forma parte de un proceso de investigaci\u00f3n sobre artesan\u00edas tradicionales, y adelantaron que algunas piezas adquiridas a artesanos chiautempenses formar\u00e1n parte de un acervo nacional que resguarda y difunde la identidad cultural y artesanal de M\u00e9xico.<\/p>\n","protected":false},"excerpt":{"rendered":"<p>La Direcci\u00f3n de Cultura y Turismo del Ayuntamiento de Chiautempan, en representaci\u00f3n de la presidenta municipal, Blanca Angulo Meneses, recibi\u00f3 en el municipio sarapero a directivos del Fondo Nacional para el Fomento de las Artesan\u00edas (FONART), quienes sostuvieron un encuentro con artesanos locales y conocieron de cerca los productos textiles que elaboran. La titular del [&hellip;]<\/p>\n","protected":false},"author":5,"featured_media":66503,"comment_status":"open","ping_status":"open","sticky":false,"template":"","format":"standard","meta":{"footnotes":""},"categories":[215,216],"tags":[],"class_list":["post-66502","post","type-post","status-publish","format-standard","has-post-thumbnail","hentry","category-chiautempan","category-municipios"],"amp_enabled":true,"_links":{"self":[{"href":"https:\/\/labestiapolitica.com.mx\/index.php?rest_route=\/wp\/v2\/posts\/66502","targetHints":{"allow":["GET"]}}],"collection":[{"href":"https:\/\/labestiapolitica.com.mx\/index.php?rest_route=\/wp\/v2\/posts"}],"about":[{"href":"https:\/\/labestiapolitica.com.mx\/index.php?rest_route=\/wp\/v2\/types\/post"}],"author":[{"embeddable":true,"href":"https:\/\/labestiapolitica.com.mx\/index.php?rest_route=\/wp\/v2\/users\/5"}],"replies":[{"embeddable":true,"href":"https:\/\/labestiapolitica.com.mx\/index.php?rest_route=%2Fwp%2Fv2%2Fcomments&post=66502"}],"version-history":[{"count":1,"href":"https:\/\/labestiapolitica.com.mx\/index.php?rest_route=\/wp\/v2\/posts\/66502\/revisions"}],"predecessor-version":[{"id":66504,"href":"https:\/\/labestiapolitica.com.mx\/index.php?rest_route=\/wp\/v2\/posts\/66502\/revisions\/66504"}],"wp:featuredmedia":[{"embeddable":true,"href":"https:\/\/labestiapolitica.com.mx\/index.php?rest_route=\/wp\/v2\/media\/66503"}],"wp:attachment":[{"href":"https:\/\/labestiapolitica.com.mx\/index.php?rest_route=%2Fwp%2Fv2%2Fmedia&parent=66502"}],"wp:term":[{"taxonomy":"category","embeddable":true,"href":"https:\/\/labestiapolitica.com.mx\/index.php?rest_route=%2Fwp%2Fv2%2Fcategories&post=66502"},{"taxonomy":"post_tag","embeddable":true,"href":"https:\/\/labestiapolitica.com.mx\/index.php?rest_route=%2Fwp%2Fv2%2Ftags&post=66502"}],"curies":[{"name":"wp","href":"https:\/\/api.w.org\/{rel}","templated":true}]}}