{"id":66505,"date":"2026-03-12T20:02:38","date_gmt":"2026-03-13T02:02:38","guid":{"rendered":"https:\/\/labestiapolitica.com.mx\/?p=66505"},"modified":"2026-03-12T20:02:38","modified_gmt":"2026-03-13T02:02:38","slug":"queremos-que-la-gente-trabaje-sus-propios-negocios-alcalde-de-xaltocan","status":"publish","type":"post","link":"https:\/\/labestiapolitica.com.mx\/?p=66505","title":{"rendered":"Queremos que la gente trabaje sus propios negocios: alcalde de Xaltocan."},"content":{"rendered":"<p style=\"text-align: justify;\"><em>Demian M\u00e1rquez<\/em> | Con el prop\u00f3sito de fortalecer la econom\u00eda familiar y abrir nuevas oportunidades de trabajo, el ayuntamiento de Xaltocan puso en marcha un programa de apoyo a proyectos productivos mediante la entrega de equipo para peque\u00f1os negocios.<\/p>\n<p style=\"text-align: justify;\">El presidente municipal, Jos\u00e9 Luis Hern\u00e1ndez V\u00e1zquez, explic\u00f3 que la iniciativa busca impulsar el autoempleo entre los habitantes del municipio, ante la falta de fuentes laborales en la regi\u00f3n.<\/p>\n<p style=\"text-align: justify;\">El edil detall\u00f3 que en esta primera etapa se rifaron 10 equipos para iniciar distintos negocios, entre ellos puestos para tacos, carnitas, pollos asados, venta de pan y otros giros relacionados con la preparaci\u00f3n de alimentos.<\/p>\n<p style=\"text-align: justify;\">La intenci\u00f3n, dijo, es que las familias beneficiadas puedan generar ingresos propios sin necesidad de salir a buscar trabajo a otros municipios o estados.<\/p>\n<p style=\"text-align: justify;\">Para participar en la rifa, los aspirantes debieron cumplir con requisitos como ser habitantes del municipio, mantener al corriente sus pagos de agua potable y predial, adem\u00e1s de pasar por un estudio socioecon\u00f3mico para verificar que realmente requieren el apoyo.<\/p>\n<p style=\"text-align: justify;\">Hern\u00e1ndez V\u00e1zquez precis\u00f3 que los recursos destinados a la compra de los equipos provienen de ingresos propios del ayuntamiento, con una inversi\u00f3n cercana a 90 mil pesos en esta primera entrega.<\/p>\n<p style=\"text-align: justify;\">El alcalde adelant\u00f3 que el programa tendr\u00e1 continuidad, ya que la meta es realizar una rifa de 10 negocios cada fin de mes, lo que permitir\u00e1 ampliar el n\u00famero de beneficiarios y fomentar la creaci\u00f3n de m\u00e1s actividades productivas en el municipio.<\/p>\n<p style=\"text-align: justify;\">Finalmente, estim\u00f3 que cada proyecto podr\u00eda generar al menos dos o tres empleos familiares, lo que significar\u00eda alrededor de 30 personas beneficiadas con esta primera entrega.<\/p>\n<p style=\"text-align: justify;\">Adem\u00e1s, subray\u00f3 que los equipos deben ser utilizados para trabajar y no para su venta, ya que el objetivo principal del programa es promover el autoempleo y fortalecer la econom\u00eda local.<\/p>\n","protected":false},"excerpt":{"rendered":"<p>Demian M\u00e1rquez | Con el prop\u00f3sito de fortalecer la econom\u00eda familiar y abrir nuevas oportunidades de trabajo, el ayuntamiento de Xaltocan puso en marcha un programa de apoyo a proyectos productivos mediante la entrega de equipo para peque\u00f1os negocios. El presidente municipal, Jos\u00e9 Luis Hern\u00e1ndez V\u00e1zquez, explic\u00f3 que la iniciativa busca impulsar el autoempleo entre [&hellip;]<\/p>\n","protected":false},"author":5,"featured_media":66506,"comment_status":"open","ping_status":"open","sticky":false,"template":"","format":"standard","meta":{"footnotes":""},"categories":[3,7,216,228],"tags":[],"class_list":["post-66505","post","type-post","status-publish","format-standard","has-post-thumbnail","hentry","category-8-columnas","category-ciudadanos","category-municipios","category-xaltocan"],"amp_enabled":true,"_links":{"self":[{"href":"https:\/\/labestiapolitica.com.mx\/index.php?rest_route=\/wp\/v2\/posts\/66505","targetHints":{"allow":["GET"]}}],"collection":[{"href":"https:\/\/labestiapolitica.com.mx\/index.php?rest_route=\/wp\/v2\/posts"}],"about":[{"href":"https:\/\/labestiapolitica.com.mx\/index.php?rest_route=\/wp\/v2\/types\/post"}],"author":[{"embeddable":true,"href":"https:\/\/labestiapolitica.com.mx\/index.php?rest_route=\/wp\/v2\/users\/5"}],"replies":[{"embeddable":true,"href":"https:\/\/labestiapolitica.com.mx\/index.php?rest_route=%2Fwp%2Fv2%2Fcomments&post=66505"}],"version-history":[{"count":1,"href":"https:\/\/labestiapolitica.com.mx\/index.php?rest_route=\/wp\/v2\/posts\/66505\/revisions"}],"predecessor-version":[{"id":66507,"href":"https:\/\/labestiapolitica.com.mx\/index.php?rest_route=\/wp\/v2\/posts\/66505\/revisions\/66507"}],"wp:featuredmedia":[{"embeddable":true,"href":"https:\/\/labestiapolitica.com.mx\/index.php?rest_route=\/wp\/v2\/media\/66506"}],"wp:attachment":[{"href":"https:\/\/labestiapolitica.com.mx\/index.php?rest_route=%2Fwp%2Fv2%2Fmedia&parent=66505"}],"wp:term":[{"taxonomy":"category","embeddable":true,"href":"https:\/\/labestiapolitica.com.mx\/index.php?rest_route=%2Fwp%2Fv2%2Fcategories&post=66505"},{"taxonomy":"post_tag","embeddable":true,"href":"https:\/\/labestiapolitica.com.mx\/index.php?rest_route=%2Fwp%2Fv2%2Ftags&post=66505"}],"curies":[{"name":"wp","href":"https:\/\/api.w.org\/{rel}","templated":true}]}}