{"id":66511,"date":"2026-03-12T20:11:37","date_gmt":"2026-03-13T02:11:37","guid":{"rendered":"https:\/\/labestiapolitica.com.mx\/?p=66511"},"modified":"2026-03-12T20:11:37","modified_gmt":"2026-03-13T02:11:37","slug":"cuando-las-mujeres-emprenden-las-economias-crecen-y-las-sociedades-avanzan-alfonso-sanchez-garcia","status":"publish","type":"post","link":"https:\/\/labestiapolitica.com.mx\/?p=66511","title":{"rendered":"\u00abCuando las mujeres emprenden, las econom\u00edas crecen y las sociedades avanzan\u00bb: Alfonso S\u00e1nchez Garc\u00eda."},"content":{"rendered":"<p style=\"text-align: justify;\">El presidente municipal de Tlaxcala, Alfonso S\u00e1nchez Garc\u00eda, particip\u00f3 en el conversatorio \u201cMujeres que Emprenden, Econom\u00edas que Crecen\u201d, organizado por el Instituto Municipal de la Mujer en coordinaci\u00f3n con la Secretar\u00eda de Econom\u00eda y la Facultad de Ciencias Econ\u00f3mico Administrativas de la Universidad Aut\u00f3noma de Tlaxcala (UATx).<\/p>\n<p style=\"text-align: justify;\">En este conversatorio participaron cuatro mujeres emprendedoras: Justina Nava Su\u00e1rez con su emprendimiento NOHPALLI NAVA; Aracely Cu\u00e9llar Herrera de Cosm\u00e9tica Agro artesanal con Bamb\u00fa; y Sara Ariadna Cervantes Albarr\u00e1n de Dulce expresi\u00f3n, joyer\u00eda Hol\u00edstica, quienes ya cuentan con su marca registrada; adem\u00e1s de Rosalba Delgado Garc\u00eda, de DelisRoss, quien actualmente se encuentra en proceso de registro de su marca.<\/p>\n<p style=\"text-align: justify;\">Las cuatro compartieron los retos y las historias de vida que las llevaron a emprender, adem\u00e1s de motivar a alumnas de la UATx y a otras mujeres emprendedoras a perseverar y no abandonar sus sue\u00f1os.<\/p>\n<p style=\"text-align: justify;\">Durante el encuentro realizado en el auditorio de la Facultad de Ciencias Econ\u00f3mico Administrativas, el alcalde destac\u00f3 el papel fundamental de las mujeres en el desarrollo econ\u00f3mico y social, al se\u00f1alar que \u201creinvierten m\u00e1s del 80 % de sus ingresos en su familia y en su comunidad\u201d, por lo que afirm\u00f3 que cuando ellas emprenden generan empleo, fortalecen a su familia y transforman su entorno.<\/p>\n<p style=\"text-align: justify;\">En su intervenci\u00f3n, el edil subray\u00f3 el respaldo que el Ayuntamiento de Tlaxcala ha dado al emprendimiento femenino mediante acciones concretas, como el programa de mujeres emprendedoras, que ha beneficiado a 457 familias al fortalecer su independencia econ\u00f3mica.<\/p>\n<p style=\"text-align: justify;\">Asimismo, destac\u00f3 la instalaci\u00f3n de 100 Puntos Violeta en el municipio, espacios seguros donde las mujeres pueden desarrollar sus actividades econ\u00f3micas con<\/p>\n<p style=\"text-align: justify;\">tranquilidad y acceder a orientaci\u00f3n, apoyo y protecci\u00f3n ante cualquier situaci\u00f3n de violencia.<\/p>\n<p style=\"text-align: justify;\">S\u00e1nchez Garc\u00eda tambi\u00e9n enfatiz\u00f3 que la coordinaci\u00f3n entre los distintos niveles de gobierno y las instituciones acad\u00e9micas es clave para consolidar pol\u00edticas p\u00fablicas que inciten el emprendimiento con una visi\u00f3n de largo plazo.<\/p>\n<p style=\"text-align: justify;\">En ese sentido, reconoci\u00f3 el trabajo de la gobernadora de Tlaxcala, Lorena Cu\u00e9llar Cisneros, por promover pol\u00edticas de impulso al emprendimiento econ\u00f3mico en la entidad, as\u00ed como el liderazgo de la presidenta de M\u00e9xico, Claudia Sheinbaum Pardo, quien ha colocado la econom\u00eda con perspectiva de g\u00e9nero como uno de los ejes del segundo piso de la Cuarta Transformaci\u00f3n.<\/p>\n<p style=\"text-align: justify;\">En el conversatorio estuvieron presentes Mario Franz Subieta Zecua, director de la Facultad de Ciencias Econ\u00f3mico Administrativas, y Esvi Emmanuel Leyva Guzm\u00e1n, responsable del Centro de Fomento Econ\u00f3mico para el Bienestar de Tlaxcala de la Secretar\u00eda de Econom\u00eda, quienes coincidieron en la importancia de fortalecer los espacios de di\u00e1logo y apoyo para que m\u00e1s mujeres puedan emprender y consolidar proyectos productivos.<\/p>\n","protected":false},"excerpt":{"rendered":"<p>El presidente municipal de Tlaxcala, Alfonso S\u00e1nchez Garc\u00eda, particip\u00f3 en el conversatorio \u201cMujeres que Emprenden, Econom\u00edas que Crecen\u201d, organizado por el Instituto Municipal de la Mujer en coordinaci\u00f3n con la Secretar\u00eda de Econom\u00eda y la Facultad de Ciencias Econ\u00f3mico Administrativas de la Universidad Aut\u00f3noma de Tlaxcala (UATx). En este conversatorio participaron cuatro mujeres emprendedoras: Justina [&hellip;]<\/p>\n","protected":false},"author":5,"featured_media":66512,"comment_status":"open","ping_status":"open","sticky":false,"template":"","format":"standard","meta":{"footnotes":""},"categories":[216,214],"tags":[],"class_list":["post-66511","post","type-post","status-publish","format-standard","has-post-thumbnail","hentry","category-municipios","category-tlaxcala-capital"],"amp_enabled":true,"_links":{"self":[{"href":"https:\/\/labestiapolitica.com.mx\/index.php?rest_route=\/wp\/v2\/posts\/66511","targetHints":{"allow":["GET"]}}],"collection":[{"href":"https:\/\/labestiapolitica.com.mx\/index.php?rest_route=\/wp\/v2\/posts"}],"about":[{"href":"https:\/\/labestiapolitica.com.mx\/index.php?rest_route=\/wp\/v2\/types\/post"}],"author":[{"embeddable":true,"href":"https:\/\/labestiapolitica.com.mx\/index.php?rest_route=\/wp\/v2\/users\/5"}],"replies":[{"embeddable":true,"href":"https:\/\/labestiapolitica.com.mx\/index.php?rest_route=%2Fwp%2Fv2%2Fcomments&post=66511"}],"version-history":[{"count":1,"href":"https:\/\/labestiapolitica.com.mx\/index.php?rest_route=\/wp\/v2\/posts\/66511\/revisions"}],"predecessor-version":[{"id":66513,"href":"https:\/\/labestiapolitica.com.mx\/index.php?rest_route=\/wp\/v2\/posts\/66511\/revisions\/66513"}],"wp:featuredmedia":[{"embeddable":true,"href":"https:\/\/labestiapolitica.com.mx\/index.php?rest_route=\/wp\/v2\/media\/66512"}],"wp:attachment":[{"href":"https:\/\/labestiapolitica.com.mx\/index.php?rest_route=%2Fwp%2Fv2%2Fmedia&parent=66511"}],"wp:term":[{"taxonomy":"category","embeddable":true,"href":"https:\/\/labestiapolitica.com.mx\/index.php?rest_route=%2Fwp%2Fv2%2Fcategories&post=66511"},{"taxonomy":"post_tag","embeddable":true,"href":"https:\/\/labestiapolitica.com.mx\/index.php?rest_route=%2Fwp%2Fv2%2Ftags&post=66511"}],"curies":[{"name":"wp","href":"https:\/\/api.w.org\/{rel}","templated":true}]}}