{"id":66521,"date":"2026-03-12T21:36:37","date_gmt":"2026-03-13T03:36:37","guid":{"rendered":"https:\/\/labestiapolitica.com.mx\/?p=66521"},"modified":"2026-03-12T21:36:37","modified_gmt":"2026-03-13T03:36:37","slug":"se-mueve-el-tablero-rumbo-a-2027-cinco-perfiles-femeninos-ya-suenan-para-gobernar-apizaco","status":"publish","type":"post","link":"https:\/\/labestiapolitica.com.mx\/?p=66521","title":{"rendered":"Se mueve el tablero rumbo a 2027: cinco perfiles femeninos ya suenan para gobernar Apizaco"},"content":{"rendered":"<p style=\"text-align: justify;\" data-start=\"116\" data-end=\"420\">A poco m\u00e1s de un a\u00f1o de que se intensifique la carrera pol\u00edtica rumbo a las elecciones municipales de <strong data-start=\"218\" data-end=\"226\">2027<\/strong>, en <strong data-start=\"231\" data-end=\"242\">Apizaco<\/strong> ya comienzan a mencionarse distintos nombres en los corrillos pol\u00edticos ante la posibilidad de que las candidaturas de los partidos pudieran corresponder al <strong data-start=\"400\" data-end=\"419\">g\u00e9nero femenino<\/strong>.<\/p>\n<p style=\"text-align: justify;\" data-start=\"422\" data-end=\"601\">En ese contexto, circula un <strong data-start=\"450\" data-end=\"470\">sondeo ciudadano<\/strong> que busca medir la percepci\u00f3n de la poblaci\u00f3n sobre qui\u00e9n podr\u00eda ser la mejor opci\u00f3n para encabezar el pr\u00f3ximo gobierno municipal.<\/p>\n<p style=\"text-align: justify;\" data-start=\"603\" data-end=\"696\">Entre los nombres que actualmente se mencionan en distintos espacios pol\u00edticos se encuentran:<\/p>\n<ul style=\"text-align: justify;\" data-start=\"698\" data-end=\"992\">\n<li data-section-id=\"vp86s9\" data-start=\"698\" data-end=\"731\">\n<p data-start=\"700\" data-end=\"731\"><strong data-start=\"700\" data-end=\"729\">Sandra Aguilar Vega (PRI)<\/strong><\/p>\n<\/li>\n<li data-section-id=\"253olj\" data-start=\"732\" data-end=\"767\">\n<p data-start=\"734\" data-end=\"767\"><strong data-start=\"734\" data-end=\"765\">Lorena Ruiz Garc\u00eda (Morena)<\/strong><\/p>\n<\/li>\n<li data-section-id=\"1n0ov40\" data-start=\"768\" data-end=\"801\">\n<p data-start=\"770\" data-end=\"801\"><strong data-start=\"770\" data-end=\"799\">Marina Aguilar L\u00f3pez (PT)<\/strong><\/p>\n<\/li>\n<li data-section-id=\"4cipui\" data-start=\"802\" data-end=\"852\">\n<p data-start=\"804\" data-end=\"852\"><strong data-start=\"804\" data-end=\"850\">Noem\u00ed Rivera Lobato (Movimiento Ciudadano)<\/strong><\/p>\n<\/li>\n<li data-section-id=\"lgw2xs\" data-start=\"853\" data-end=\"992\">\n<p data-start=\"855\" data-end=\"992\"><strong data-start=\"855\" data-end=\"881\">Guadalupe Lozano Tovar<\/strong>, considerada como una <strong data-start=\"904\" data-end=\"946\">carta ciudadana externa al PAN<\/strong>, aunque no milita formalmente en ese partido.<\/p>\n<\/li>\n<\/ul>\n<h3 style=\"text-align: justify;\" data-section-id=\"g84895\" data-start=\"994\" data-end=\"1044\">Los perfiles que suenan en el tablero pol\u00edtico.<\/h3>\n<p style=\"text-align: justify;\" data-start=\"1046\" data-end=\"1495\">En <strong data-start=\"1049\" data-end=\"1059\">Morena<\/strong>, el nombre que m\u00e1s se menciona es el de la <strong data-start=\"1103\" data-end=\"1147\">actual diputada local Lorena Ruiz Garc\u00eda<\/strong>, considerada una de las cartas fuertes del partido en el municipio y vinculada al grupo pol\u00edtico estatal que actualmente gobierna Tlaxcala. Su figura tambi\u00e9n ha estado en el debate p\u00fablico tras la detenci\u00f3n de su esposo por fuerzas federales por presuntos v\u00ednculos con grupos delictivos, se\u00f1alamientos que la legisladora ha rechazado p\u00fablicamente.<\/p>\n<p style=\"text-align: justify;\" data-start=\"1497\" data-end=\"1950\">En el <strong data-start=\"1503\" data-end=\"1510\">PAN<\/strong>, partido que gobern\u00f3 Apizaco durante <strong data-start=\"1548\" data-end=\"1586\">cinco administraciones municipales<\/strong>, hasta ahora no se observa con claridad una figura femenina consolidada dentro de su militancia. Ante ese escenario, ha comenzado a mencionarse el nombre de <strong data-start=\"1744\" data-end=\"1770\">Guadalupe Lozano Tovar<\/strong>, reconocida en el \u00e1mbito social por haber sido presidenta del <strong data-start=\"1833\" data-end=\"1858\">Sistema DIF estatal <\/strong>durante el gobierno de H\u00e9ctor Ortiz, con un perfil ligado a programas de asistencia social.<\/p>\n<p style=\"text-align: justify;\" data-start=\"1952\" data-end=\"2311\">Por parte del <strong data-start=\"1966\" data-end=\"1973\">PRI<\/strong>, se menciona con fuerza a la <strong data-start=\"2003\" data-end=\"2041\">diputada local Sandra Aguilar Vega<\/strong>, quien podr\u00eda convertirse en una de las principales cartas del partido, pese a la disminuci\u00f3n de la fuerza electoral de este instituto en los \u00faltimos a\u00f1os. En algunos an\u00e1lisis pol\u00edticos incluso se ha especulado que podr\u00eda ser una figura competitiva en escenarios de alianzas partidistas o ir por el PAN.<\/p>\n<p style=\"text-align: justify;\" data-start=\"2313\" data-end=\"2548\">En <strong data-start=\"2316\" data-end=\"2340\">Movimiento Ciudadano<\/strong>, la figura que se perfila es <strong data-start=\"2370\" data-end=\"2393\">Noem\u00ed Rivera Lobato<\/strong>, quien apuesta a consolidar una base pol\u00edtica respaldada por la estructura vinculada a su esposo, el exalcalde de Apizaco <strong data-start=\"2516\" data-end=\"2547\">Julio C\u00e9sar Hern\u00e1ndez Mej\u00eda y de la empresa ATAH.<\/strong><\/p>\n<p style=\"text-align: justify;\" data-start=\"2550\" data-end=\"2822\">Mientras tanto, en el <strong data-start=\"2572\" data-end=\"2595\">Partido del Trabajo<\/strong>, la exs\u00edndica <strong data-start=\"2610\" data-end=\"2634\">Marina Aguilar L\u00f3pez<\/strong> tambi\u00e9n se mueve pol\u00edticamente dentro del escenario local. En algunos c\u00edrculos se comenta que su aspiraci\u00f3n podr\u00eda estar orientada tambi\u00e9n hacia una eventual candidatura dentro de Morena.<\/p>\n<p style=\"text-align: justify;\" data-start=\"3426\" data-end=\"3700\" data-is-last-node=\"\" data-is-only-node=\"\">\n","protected":false},"excerpt":{"rendered":"<p>A poco m\u00e1s de un a\u00f1o de que se intensifique la carrera pol\u00edtica rumbo a las elecciones municipales de 2027, en Apizaco ya comienzan a mencionarse distintos nombres en los corrillos pol\u00edticos ante la posibilidad de que las candidaturas de los partidos pudieran corresponder al g\u00e9nero femenino. En ese contexto, circula un sondeo ciudadano que [&hellip;]<\/p>\n","protected":false},"author":3,"featured_media":66522,"comment_status":"open","ping_status":"open","sticky":false,"template":"","format":"standard","meta":{"footnotes":""},"categories":[3],"tags":[],"class_list":["post-66521","post","type-post","status-publish","format-standard","has-post-thumbnail","hentry","category-8-columnas"],"amp_enabled":true,"_links":{"self":[{"href":"https:\/\/labestiapolitica.com.mx\/index.php?rest_route=\/wp\/v2\/posts\/66521","targetHints":{"allow":["GET"]}}],"collection":[{"href":"https:\/\/labestiapolitica.com.mx\/index.php?rest_route=\/wp\/v2\/posts"}],"about":[{"href":"https:\/\/labestiapolitica.com.mx\/index.php?rest_route=\/wp\/v2\/types\/post"}],"author":[{"embeddable":true,"href":"https:\/\/labestiapolitica.com.mx\/index.php?rest_route=\/wp\/v2\/users\/3"}],"replies":[{"embeddable":true,"href":"https:\/\/labestiapolitica.com.mx\/index.php?rest_route=%2Fwp%2Fv2%2Fcomments&post=66521"}],"version-history":[{"count":1,"href":"https:\/\/labestiapolitica.com.mx\/index.php?rest_route=\/wp\/v2\/posts\/66521\/revisions"}],"predecessor-version":[{"id":66523,"href":"https:\/\/labestiapolitica.com.mx\/index.php?rest_route=\/wp\/v2\/posts\/66521\/revisions\/66523"}],"wp:featuredmedia":[{"embeddable":true,"href":"https:\/\/labestiapolitica.com.mx\/index.php?rest_route=\/wp\/v2\/media\/66522"}],"wp:attachment":[{"href":"https:\/\/labestiapolitica.com.mx\/index.php?rest_route=%2Fwp%2Fv2%2Fmedia&parent=66521"}],"wp:term":[{"taxonomy":"category","embeddable":true,"href":"https:\/\/labestiapolitica.com.mx\/index.php?rest_route=%2Fwp%2Fv2%2Fcategories&post=66521"},{"taxonomy":"post_tag","embeddable":true,"href":"https:\/\/labestiapolitica.com.mx\/index.php?rest_route=%2Fwp%2Fv2%2Ftags&post=66521"}],"curies":[{"name":"wp","href":"https:\/\/api.w.org\/{rel}","templated":true}]}}