{"id":66528,"date":"2026-03-12T22:21:58","date_gmt":"2026-03-13T04:21:58","guid":{"rendered":"https:\/\/labestiapolitica.com.mx\/?p=66528"},"modified":"2026-03-12T22:23:30","modified_gmt":"2026-03-13T04:23:30","slug":"homero-meneses-urge-al-congreso-legislar-sobre-aborto-en-tlaxcala-y-acoso-sexual","status":"publish","type":"post","link":"https:\/\/labestiapolitica.com.mx\/?p=66528","title":{"rendered":"Homero Meneses urge al Congreso local legislar sobre aborto y acoso sexual"},"content":{"rendered":"<ul>\n<li style=\"text-align: justify;\"><span style=\"text-align: justify;\">Durante la Mesa de Alerta por Violencia de G\u00e9nero, el titular de la SEPE-USET plante\u00f3 reformar el mecanismo de denuncia para no dejar la carga a las v\u00edctimas y se\u00f1al\u00f3 que la falta de ley en interrupci\u00f3n legal del embarazo genera \u201czozobra institucional\u201d.<\/span><\/li>\n<\/ul>\n<p class=\"p1\" style=\"text-align: justify;\"><span class=\"s1\">Mariana LOVERA\/\/ En el marco de la Mesa de Alerta por Violencia de G\u00e9nero, el secretario de Educaci\u00f3n P\u00fablica del Estado y director general de la Unidad de Servicios Educativos de Tlaxcala (SEPE-USET), Homero Meneses Hern\u00e1ndez, plante\u00f3 dos propuestas dirigidas al Poder Legislativo local: transferir al Estado la responsabilidad de presentar denuncias por acoso sexual \u2014a semejanza del modelo implementado contra la extorsi\u00f3n\u2014 y legislar en materia de interrupci\u00f3n legal del embarazo para evitar confusi\u00f3n en las instituciones y riesgos para las mujeres.<\/span><\/p>\n<p class=\"p1\" style=\"text-align: justify;\"><span class=\"s1\">Con respeto a la divisi\u00f3n de poderes, pero con la \u201curgencia que implica un tema como este\u201d, Meneses se\u00f1al\u00f3 que uno de los principales obst\u00e1culos en la atenci\u00f3n de la violencia de g\u00e9nero es que muchas mujeres no presentan denuncias formales. De acuerdo con cifras del secretario de Seguridad Ciudadana, hay 352 casos atendidos, pero se estima una cifra negra que podr\u00eda ser el doble. \u201cYo creo que es m\u00e1s de eso\u201d, afirm\u00f3.<\/span><\/p>\n<p class=\"p1\" style=\"text-align: justify;\"><span class=\"s1\">El funcionario record\u00f3 las denuncias visibilizadas durante la marcha del 8 de marzo, algunas sin sustento jur\u00eddico, pero que reflejan el sentir de mujeres que s\u00f3lo en la \u201cmuchedumbre\u201d encuentran respaldo. \u201cSi eso es as\u00ed, la estrategia de los \u00faltimos 15 a\u00f1os de invitar a las mujeres a denunciar no va a avanzar mucho\u201d, advirti\u00f3.<\/span><\/p>\n<p class=\"p1\" style=\"text-align: justify;\"><span class=\"s1\">Ante ello, propuso instalar una mesa de trabajo con el Congreso local para replicar la medida adoptada a nivel nacional contra la extorsi\u00f3n, impulsada por la presidenta Claudia Sheinbaum: que sea el Estado mexicano quien presente la denuncia, no la v\u00edctima. \u201cEn materia de acoso sexual, que la Procuradur\u00eda de Defensa de Menores (DIF), la Secretar\u00eda de las Mujeres o las instancias que el gobierno determine sean las responsables de la persecuci\u00f3n de estos delitos, y no dejarles la responsabilidad a las mujeres de por s\u00ed ya violentadas\u201d, explic\u00f3.<\/span><\/p>\n<p class=\"p1\" style=\"text-align: justify;\"><span class=\"s1\">Meneses ejemplific\u00f3 con casos de acoso sexual a ni\u00f1as donde existe un debate institucional sobre si la Procuradur\u00eda debe representar a la menor ante la Fiscal\u00eda. \u201cEntre que lo debatimos, el acosador sigue libre y haciendo de las suyas\u201d, lament\u00f3.<\/span><\/p>\n<p class=\"p1\" style=\"text-align: justify;\"><span class=\"s1\">En un segundo tema, el secretario urgi\u00f3 al Poder Legislativo a legislar sobre la interrupci\u00f3n legal del embarazo. Record\u00f3 que la Suprema Corte de Justicia de la Naci\u00f3n ya emiti\u00f3 un dictamen en contra de Tlaxcala por su omisi\u00f3n, y que la Secretar\u00eda de Salud cuenta con manuales t\u00e9cnicos en todos los hospitales para realizar el procedimiento. \u201cYa cualquier mujer puede asistir a cualquier hospital y solicitar la interrupci\u00f3n legal del embarazo. Ya est\u00e1 legalizado. Lo \u00fanico que ocasiona esta detenci\u00f3n legislativa es confusi\u00f3n y zozobra institucional que pone en riesgo a las ni\u00f1as y mujeres que deciden ejercer su derecho\u201d, concluy\u00f3.<\/span><\/p>\n","protected":false},"excerpt":{"rendered":"<p>Durante la Mesa de Alerta por Violencia de G\u00e9nero, el titular de la SEPE-USET plante\u00f3 reformar el mecanismo de denuncia para no dejar la carga a las v\u00edctimas y se\u00f1al\u00f3 que la falta de ley en interrupci\u00f3n legal del embarazo genera \u201czozobra institucional\u201d. Mariana LOVERA\/\/ En el marco de la Mesa de Alerta por Violencia [&hellip;]<\/p>\n","protected":false},"author":6,"featured_media":66530,"comment_status":"open","ping_status":"open","sticky":false,"template":"","format":"standard","meta":{"footnotes":""},"categories":[3,213],"tags":[],"class_list":["post-66528","post","type-post","status-publish","format-standard","has-post-thumbnail","hentry","category-8-columnas","category-educacion"],"amp_enabled":true,"_links":{"self":[{"href":"https:\/\/labestiapolitica.com.mx\/index.php?rest_route=\/wp\/v2\/posts\/66528","targetHints":{"allow":["GET"]}}],"collection":[{"href":"https:\/\/labestiapolitica.com.mx\/index.php?rest_route=\/wp\/v2\/posts"}],"about":[{"href":"https:\/\/labestiapolitica.com.mx\/index.php?rest_route=\/wp\/v2\/types\/post"}],"author":[{"embeddable":true,"href":"https:\/\/labestiapolitica.com.mx\/index.php?rest_route=\/wp\/v2\/users\/6"}],"replies":[{"embeddable":true,"href":"https:\/\/labestiapolitica.com.mx\/index.php?rest_route=%2Fwp%2Fv2%2Fcomments&post=66528"}],"version-history":[{"count":2,"href":"https:\/\/labestiapolitica.com.mx\/index.php?rest_route=\/wp\/v2\/posts\/66528\/revisions"}],"predecessor-version":[{"id":66531,"href":"https:\/\/labestiapolitica.com.mx\/index.php?rest_route=\/wp\/v2\/posts\/66528\/revisions\/66531"}],"wp:featuredmedia":[{"embeddable":true,"href":"https:\/\/labestiapolitica.com.mx\/index.php?rest_route=\/wp\/v2\/media\/66530"}],"wp:attachment":[{"href":"https:\/\/labestiapolitica.com.mx\/index.php?rest_route=%2Fwp%2Fv2%2Fmedia&parent=66528"}],"wp:term":[{"taxonomy":"category","embeddable":true,"href":"https:\/\/labestiapolitica.com.mx\/index.php?rest_route=%2Fwp%2Fv2%2Fcategories&post=66528"},{"taxonomy":"post_tag","embeddable":true,"href":"https:\/\/labestiapolitica.com.mx\/index.php?rest_route=%2Fwp%2Fv2%2Ftags&post=66528"}],"curies":[{"name":"wp","href":"https:\/\/api.w.org\/{rel}","templated":true}]}}