{"id":66536,"date":"2026-03-13T10:17:45","date_gmt":"2026-03-13T16:17:45","guid":{"rendered":"https:\/\/labestiapolitica.com.mx\/?p=66536"},"modified":"2026-03-13T14:39:45","modified_gmt":"2026-03-13T20:39:45","slug":"16-millones-por-diputado-la-letra-chica-del-gasto-legislativo-en-tlaxcala","status":"publish","type":"post","link":"https:\/\/labestiapolitica.com.mx\/?p=66536","title":{"rendered":"\u00bf16 millones por diputado? La letra chica del gasto legislativo en Tlaxcala."},"content":{"rendered":"<p style=\"text-align: justify;\">La ma\u00f1anera del jueves nos dej\u00f3 una imagen que dio mucho de qu\u00e9 hablar: la presidenta Claudia Sheinbaum proyectando una tabla donde Tlaxcala pod\u00eda percibirse como uno los Congresos locales m\u00e1s \u201ccaro\u201d del pa\u00eds, con un costo de m\u00e1s de 16 millones de pesos por cada uno de sus 25 diputados. La cifra, contundente y escandalosa, encendi\u00f3 las alertas sobre los privilegios legislativos y dio fuerza a su anunciado \u201cPlan B\u201d para achicar el gasto pol\u00edtico.<\/p>\n<p style=\"text-align: justify;\">Sin embargo, como suele ocurrir cuando se tocan los bolsillos del poder, la respuesta no se hizo esperar. Ever Campech Avelar, presidente de la Junta de Coordinaci\u00f3n y Concertaci\u00f3n Pol\u00edtica del Congreso de Tlaxcala, sali\u00f3 al paso para desmentir la versi\u00f3n presidencial con un argumento que, a primera vista, tambi\u00e9n tiene l\u00f3gica: \u201cUn presupuesto de un poder no se divide entre los titulares\u201d. En otras palabras, los 408 millones de pesos que recibe la Legislatura local no son para repartir entre 25 personas, sino para sostener una estructura que incluye trabajadores de base, personal de confianza, prestaciones, servicios y, seg\u00fan enfatiz\u00f3 Campech, la gesti\u00f3n social que cada diputado realiza en su distrito: apoyos a escuelas, comit\u00e9s de feria, emergencias de salud, etc.<\/p>\n<p style=\"text-align: justify;\">\u00bfQui\u00e9n tiene raz\u00f3n? Probablemente ambos, aunque mirando desde \u00e1ngulos distintos. Sheinbaum utiliza un indicador grueso \u2014el presupuesto total dividido por el n\u00famero de legisladores\u2014 que sirve como un term\u00f3metro ciudadano para medir la eficiencia del gasto p\u00fablico. Si un congreso cuesta 16 millones por representante, es natural que el contribuyente se pregunte si ese dinero se traduce en leyes y beneficios proporcionales. Sobre todo cuando entidades m\u00e1s pobladas, como Veracruz, con 50 diputados y un presupuesto similar per c\u00e1pita, operan con una estructura comparativamente m\u00e1s austera.<\/p>\n<p style=\"text-align: justify;\">Por su parte, el argumento del legislador tlaxcalteca introduce un matiz necesario: el costo de la representaci\u00f3n popular no se limita a la dieta del diputado. Detr\u00e1s de cada esca\u00f1o hay oficinas, asesores, personal administrativo, instalaciones y, en este caso concreto, partidas destinadas a apoyos directos a la ciudadan\u00eda. Campech Avelar asegura que en Tlaxcala no hay bonos ni vi\u00e1ticos especiales, y que los salarios no han aumentado en a\u00f1os. Incluso compara: as\u00ed como no se puede dividir el presupuesto del Ejecutivo entre sus secretar\u00edas y decir que cada una maneja miles de millones, tampoco ser\u00eda justo reducir la complejidad del Legislativo a una simple operaci\u00f3n aritm\u00e9tica.<\/p>\n<p style=\"text-align: justify;\">Pero cuidado: el matiz no debe convertirse en una cortina de humo. Que el presupuesto no sea un ingreso personal no significa que no sea un gasto p\u00fablico sujeto a escrutinio. La ciudadan\u00eda tiene derecho a saber si esos 408 millones se distribuyen de manera \u00f3ptima o si, por el contrario, hay duplicidades, plazas innecesarias o partidas discrecionales que podr\u00edan recortarse sin afectar la funci\u00f3n sustantiva del Congreso. El propio Campech reconoce que est\u00e1n abiertos a analizar la iniciativa presidencial, y eso es positivo.<\/p>\n<p style=\"text-align: justify;\">El fondo del debate no es si Sheinbaum \u201cmiente\u201d o si los diputados \u201cse defienden\u201d. Lo relevante es que, por fin, se est\u00e1 discutiendo abiertamente el costo de la pol\u00edtica en M\u00e9xico. Durante d\u00e9cadas, los presupuestos de los Congresos locales fueron cajas negras que crec\u00edan a\u00f1o con a\u00f1o sin mayor cuestionamiento. Hoy, gracias a ejercicios de transparencia como el de la presidenta \u2014con todas las reservas metodol\u00f3gicas que se quieran\u2014, los reflectores est\u00e1n puestos sobre esos recursos.<\/p>\n<p style=\"text-align: justify;\">Lo ideal ser\u00eda que ambas partes, en lugar de enfrascarse en un \u201cs\u00ed, pero no\u201d, aprovecharan la coyuntura para sentarse a revisar partida por partida. Que los legisladores expliquen a detalle en qu\u00e9 se gasta cada peso, y que el Ejecutivo afine su propuesta para que no se estigmatice la gesti\u00f3n social \u2014que, como bien dice Campech, no es un privilegio\u2014, sino que se ataque el gasto superfluo y la opulencia donde realmente exista.<\/p>\n<p style=\"text-align: justify;\">Mientras tanto, el ciudadano com\u00fan se queda con la duda: si en Tlaxcala cada diputado cuesta 16 millones al a\u00f1o, pero el servicio que recibe a cambio no siempre se refleja en mejores leyes o atenci\u00f3n de calidad, algo est\u00e1 fallando. Y ese \u201calgo\u201d es lo que debe corregirse, m\u00e1s all\u00e1 de los titulares y las descalificaciones, se lo digo as\u00ed, sin maquillaje, ni retoques.<\/p>\n<p>&nbsp;<\/p>\n<p><img loading=\"lazy\" decoding=\"async\" class=\"aligncenter wp-image-66540 size-large\" src=\"https:\/\/labestiapolitica.com.mx\/wp-content\/uploads\/2026\/03\/376336b8-4baa-4c37-84da-310cbb702d9c-1024x459.jpg\" alt=\"\" width=\"640\" height=\"287\" srcset=\"https:\/\/labestiapolitica.com.mx\/wp-content\/uploads\/2026\/03\/376336b8-4baa-4c37-84da-310cbb702d9c-1024x459.jpg 1024w, https:\/\/labestiapolitica.com.mx\/wp-content\/uploads\/2026\/03\/376336b8-4baa-4c37-84da-310cbb702d9c-300x135.jpg 300w, https:\/\/labestiapolitica.com.mx\/wp-content\/uploads\/2026\/03\/376336b8-4baa-4c37-84da-310cbb702d9c-768x344.jpg 768w, https:\/\/labestiapolitica.com.mx\/wp-content\/uploads\/2026\/03\/376336b8-4baa-4c37-84da-310cbb702d9c.jpg 1280w\" sizes=\"auto, (max-width: 640px) 100vw, 640px\" \/><\/p>\n","protected":false},"excerpt":{"rendered":"<p>La ma\u00f1anera del jueves nos dej\u00f3 una imagen que dio mucho de qu\u00e9 hablar: la presidenta Claudia Sheinbaum proyectando una tabla donde Tlaxcala pod\u00eda percibirse como uno los Congresos locales m\u00e1s \u201ccaro\u201d del pa\u00eds, con un costo de m\u00e1s de 16 millones de pesos por cada uno de sus 25 diputados. La cifra, contundente y [&hellip;]<\/p>\n","protected":false},"author":6,"featured_media":65666,"comment_status":"open","ping_status":"open","sticky":false,"template":"","format":"standard","meta":{"footnotes":""},"categories":[3,6,263],"tags":[],"class_list":["post-66536","post","type-post","status-publish","format-standard","has-post-thumbnail","hentry","category-8-columnas","category-opinion","category-sin-maquillaje"],"amp_enabled":true,"_links":{"self":[{"href":"https:\/\/labestiapolitica.com.mx\/index.php?rest_route=\/wp\/v2\/posts\/66536","targetHints":{"allow":["GET"]}}],"collection":[{"href":"https:\/\/labestiapolitica.com.mx\/index.php?rest_route=\/wp\/v2\/posts"}],"about":[{"href":"https:\/\/labestiapolitica.com.mx\/index.php?rest_route=\/wp\/v2\/types\/post"}],"author":[{"embeddable":true,"href":"https:\/\/labestiapolitica.com.mx\/index.php?rest_route=\/wp\/v2\/users\/6"}],"replies":[{"embeddable":true,"href":"https:\/\/labestiapolitica.com.mx\/index.php?rest_route=%2Fwp%2Fv2%2Fcomments&post=66536"}],"version-history":[{"count":1,"href":"https:\/\/labestiapolitica.com.mx\/index.php?rest_route=\/wp\/v2\/posts\/66536\/revisions"}],"predecessor-version":[{"id":66541,"href":"https:\/\/labestiapolitica.com.mx\/index.php?rest_route=\/wp\/v2\/posts\/66536\/revisions\/66541"}],"wp:featuredmedia":[{"embeddable":true,"href":"https:\/\/labestiapolitica.com.mx\/index.php?rest_route=\/wp\/v2\/media\/65666"}],"wp:attachment":[{"href":"https:\/\/labestiapolitica.com.mx\/index.php?rest_route=%2Fwp%2Fv2%2Fmedia&parent=66536"}],"wp:term":[{"taxonomy":"category","embeddable":true,"href":"https:\/\/labestiapolitica.com.mx\/index.php?rest_route=%2Fwp%2Fv2%2Fcategories&post=66536"},{"taxonomy":"post_tag","embeddable":true,"href":"https:\/\/labestiapolitica.com.mx\/index.php?rest_route=%2Fwp%2Fv2%2Ftags&post=66536"}],"curies":[{"name":"wp","href":"https:\/\/api.w.org\/{rel}","templated":true}]}}