{"id":66548,"date":"2026-03-13T10:24:38","date_gmt":"2026-03-13T16:24:38","guid":{"rendered":"https:\/\/labestiapolitica.com.mx\/?p=66548"},"modified":"2026-03-13T10:24:38","modified_gmt":"2026-03-13T16:24:38","slug":"lleno-total-con-sonido-pirata-y-sonido-famoso-en-la-feria-apizaco-2026","status":"publish","type":"post","link":"https:\/\/labestiapolitica.com.mx\/?p=66548","title":{"rendered":"Lleno total con \u00abSonido Pirata y Sonido Famoso\u00bb en la Feria Apizaco 2026."},"content":{"rendered":"<p style=\"text-align: justify;\">La Feria Apizaco 2026 registr\u00f3 llen\u00f3 total en el Teatro del Pueblo, donde miles de personas se congregaron para disfrutar de una noche llena de ritmo, alegr\u00eda y convivencia familiar con las presentaciones de Grupo X, Sonido Pirata y Sonido Famoso.<\/p>\n<p style=\"text-align: justify;\">La jornada musical inici\u00f3 con la participaci\u00f3n de Grupo X, que desde los primeros acordes logr\u00f3 encender el ambiente y poner a bailar al p\u00fablico que se dio cita desde temprana hora para ser parte de esta gran celebraci\u00f3n.<\/p>\n<p style=\"text-align: justify;\">M\u00e1s tarde, Sonido Pirata lleg\u00f3 al escenario con su caracter\u00edstico estilo, provocando la euforia de los asistentes que corearon y bailaron cada una de sus pistas, generando un ambiente de fiesta que se extendi\u00f3 por todo el recinto.<\/p>\n<p style=\"text-align: justify;\">Para cerrar la noche, Sonido Famoso tom\u00f3 el escenario y llev\u00f3 la energ\u00eda al m\u00e1ximo, consolidando una velada inolvidable en la que miles de familias disfrutaron de m\u00fasica, luces y un espect\u00e1culo que mantuvo al p\u00fablico completamente entregado.<\/p>\n<p style=\"text-align: justify;\">Durante toda la jornada prevaleci\u00f3 un ambiente seguro, familiar y lleno de entusiasmo, reflejo de la gran participaci\u00f3n de ciudadanos y visitantes que han hecho de esta feria un punto de encuentro para disfrutar de la m\u00fasica y la convivencia.<\/p>\n<p style=\"text-align: justify;\">Con espect\u00e1culos de gran convocatoria y una participaci\u00f3n que contin\u00faa creciendo, Apizaco se encamina a la recta final de la Feria Apizaco 2026, ofreciendo eventos que siguen atrayendo a visitantes de distintos municipios y consolidando esta celebraci\u00f3n como una de las m\u00e1s importantes de la regi\u00f3n.<\/p>\n","protected":false},"excerpt":{"rendered":"<p>La Feria Apizaco 2026 registr\u00f3 llen\u00f3 total en el Teatro del Pueblo, donde miles de personas se congregaron para disfrutar de una noche llena de ritmo, alegr\u00eda y convivencia familiar con las presentaciones de Grupo X, Sonido Pirata y Sonido Famoso. La jornada musical inici\u00f3 con la participaci\u00f3n de Grupo X, que desde los primeros [&hellip;]<\/p>\n","protected":false},"author":5,"featured_media":66549,"comment_status":"open","ping_status":"open","sticky":false,"template":"","format":"standard","meta":{"footnotes":""},"categories":[226,216],"tags":[],"class_list":["post-66548","post","type-post","status-publish","format-standard","has-post-thumbnail","hentry","category-apizaco","category-municipios"],"amp_enabled":true,"_links":{"self":[{"href":"https:\/\/labestiapolitica.com.mx\/index.php?rest_route=\/wp\/v2\/posts\/66548","targetHints":{"allow":["GET"]}}],"collection":[{"href":"https:\/\/labestiapolitica.com.mx\/index.php?rest_route=\/wp\/v2\/posts"}],"about":[{"href":"https:\/\/labestiapolitica.com.mx\/index.php?rest_route=\/wp\/v2\/types\/post"}],"author":[{"embeddable":true,"href":"https:\/\/labestiapolitica.com.mx\/index.php?rest_route=\/wp\/v2\/users\/5"}],"replies":[{"embeddable":true,"href":"https:\/\/labestiapolitica.com.mx\/index.php?rest_route=%2Fwp%2Fv2%2Fcomments&post=66548"}],"version-history":[{"count":1,"href":"https:\/\/labestiapolitica.com.mx\/index.php?rest_route=\/wp\/v2\/posts\/66548\/revisions"}],"predecessor-version":[{"id":66550,"href":"https:\/\/labestiapolitica.com.mx\/index.php?rest_route=\/wp\/v2\/posts\/66548\/revisions\/66550"}],"wp:featuredmedia":[{"embeddable":true,"href":"https:\/\/labestiapolitica.com.mx\/index.php?rest_route=\/wp\/v2\/media\/66549"}],"wp:attachment":[{"href":"https:\/\/labestiapolitica.com.mx\/index.php?rest_route=%2Fwp%2Fv2%2Fmedia&parent=66548"}],"wp:term":[{"taxonomy":"category","embeddable":true,"href":"https:\/\/labestiapolitica.com.mx\/index.php?rest_route=%2Fwp%2Fv2%2Fcategories&post=66548"},{"taxonomy":"post_tag","embeddable":true,"href":"https:\/\/labestiapolitica.com.mx\/index.php?rest_route=%2Fwp%2Fv2%2Ftags&post=66548"}],"curies":[{"name":"wp","href":"https:\/\/api.w.org\/{rel}","templated":true}]}}