{"id":66551,"date":"2026-03-13T10:27:40","date_gmt":"2026-03-13T16:27:40","guid":{"rendered":"https:\/\/labestiapolitica.com.mx\/?p=66551"},"modified":"2026-03-13T10:27:40","modified_gmt":"2026-03-13T16:27:40","slug":"amplian-fechas-para-obtener-hoja-de-liberacion-del-servicio-militar-nacional-para-la-clase-2007-y-remisos","status":"publish","type":"post","link":"https:\/\/labestiapolitica.com.mx\/?p=66551","title":{"rendered":"Ampl\u00edan fechas para obtener hoja de liberaci\u00f3n del servicio militar nacional para la clase 2007 y remisos."},"content":{"rendered":"<p style=\"text-align: justify;\">El Gobierno Municipal de Huamantla informa a los masculinos del municipio pertenecientes a la Clase 2007 y remisos (hasta el a\u00f1o 1987) que la Secretar\u00eda de la Defensa Nacional, a trav\u00e9s de la 23\/a Zona Militar, llevar\u00e1 a cabo la ampliaci\u00f3n de la fase de reclutamiento del Servicio Militar Nacional durante los meses de marzo, abril, mayo, junio y julio de 2026.<\/p>\n<p style=\"text-align: justify;\">De acuerdo con la informaci\u00f3n oficial, los conscriptos deber\u00e1n entregar su Cartilla de Identidad del Servicio Militar Nacional para continuar con el proceso que les permitir\u00e1 obtener su Hoja de Liberaci\u00f3n en el mes de diciembre de 2026.<\/p>\n<p style=\"text-align: justify;\">La recepci\u00f3n de cartillas se realizar\u00e1 en los puestos que se instalar\u00e1n al interior del Campo Militar No. 23-A \u201cGral. Bgda. Antonio Carbajal Guarneros\u201d, ubicado en la autopista Tlaxcala\u2013San Mart\u00edn Texmelucan, kil\u00f3metro 4.5, Panotla, Tlaxcala, en las siguientes fechas:<br \/>\nMarzo: 14, 15, 21, 22, 28 y 29<br \/>\nAbril: 4, 5, 11, 12, 18, 19, 25 y 26<br \/>\nMayo: 2, 3, 9, 10, 16, 17, 23, 24, 30 y 31<br \/>\nJunio: 6, 7, 13, 14, 20, 21, 27 y 28<br \/>\nJulio: 4, 5, 11, 12, 18, 19, 25, 26 y 31<\/p>\n<p style=\"text-align: justify;\">El horario de atenci\u00f3n ser\u00e1 de 08:00 a 13:00 horas, excepto d\u00edas festivos. Los interesados deber\u00e1n presentar la siguiente documentaci\u00f3n:<\/p>\n<p style=\"text-align: justify;\">Cartilla de Identidad del Servicio Militar Nacional (original)<br \/>\nCopia de acta de nacimiento (se aceptan las expedidas por internet)<br \/>\nIdentificaci\u00f3n oficial vigente con fotograf\u00eda<br \/>\nCURP actualizada<br \/>\nComprobante de domicilio<br \/>\nBol\u00edgrafo de tinta azul para el llenado del formato de recibo de cartilla<\/p>\n<p style=\"text-align: justify;\">El Ayuntamiento invita a los ciudadanos de Huamantla a cumplir con esta obligaci\u00f3n c\u00edvica a realizar el tr\u00e1mite en las fechas establecidas, conforme a lo dispuesto en la Ley del Servicio Militar Nacional vigente.<\/p>\n<p style=\"text-align: justify;\">Asimismo, se exhorta a la poblaci\u00f3n a mantenerse atenta a la informaci\u00f3n difundida a trav\u00e9s de los canales oficiales del Gobierno Municipal para conocer detalles adicionales sobre este proceso.<\/p>\n","protected":false},"excerpt":{"rendered":"<p>El Gobierno Municipal de Huamantla informa a los masculinos del municipio pertenecientes a la Clase 2007 y remisos (hasta el a\u00f1o 1987) que la Secretar\u00eda de la Defensa Nacional, a trav\u00e9s de la 23\/a Zona Militar, llevar\u00e1 a cabo la ampliaci\u00f3n de la fase de reclutamiento del Servicio Militar Nacional durante los meses de marzo, [&hellip;]<\/p>\n","protected":false},"author":5,"featured_media":66552,"comment_status":"open","ping_status":"open","sticky":false,"template":"","format":"standard","meta":{"footnotes":""},"categories":[220,216],"tags":[],"class_list":["post-66551","post","type-post","status-publish","format-standard","has-post-thumbnail","hentry","category-huamantla","category-municipios"],"amp_enabled":true,"_links":{"self":[{"href":"https:\/\/labestiapolitica.com.mx\/index.php?rest_route=\/wp\/v2\/posts\/66551","targetHints":{"allow":["GET"]}}],"collection":[{"href":"https:\/\/labestiapolitica.com.mx\/index.php?rest_route=\/wp\/v2\/posts"}],"about":[{"href":"https:\/\/labestiapolitica.com.mx\/index.php?rest_route=\/wp\/v2\/types\/post"}],"author":[{"embeddable":true,"href":"https:\/\/labestiapolitica.com.mx\/index.php?rest_route=\/wp\/v2\/users\/5"}],"replies":[{"embeddable":true,"href":"https:\/\/labestiapolitica.com.mx\/index.php?rest_route=%2Fwp%2Fv2%2Fcomments&post=66551"}],"version-history":[{"count":1,"href":"https:\/\/labestiapolitica.com.mx\/index.php?rest_route=\/wp\/v2\/posts\/66551\/revisions"}],"predecessor-version":[{"id":66553,"href":"https:\/\/labestiapolitica.com.mx\/index.php?rest_route=\/wp\/v2\/posts\/66551\/revisions\/66553"}],"wp:featuredmedia":[{"embeddable":true,"href":"https:\/\/labestiapolitica.com.mx\/index.php?rest_route=\/wp\/v2\/media\/66552"}],"wp:attachment":[{"href":"https:\/\/labestiapolitica.com.mx\/index.php?rest_route=%2Fwp%2Fv2%2Fmedia&parent=66551"}],"wp:term":[{"taxonomy":"category","embeddable":true,"href":"https:\/\/labestiapolitica.com.mx\/index.php?rest_route=%2Fwp%2Fv2%2Fcategories&post=66551"},{"taxonomy":"post_tag","embeddable":true,"href":"https:\/\/labestiapolitica.com.mx\/index.php?rest_route=%2Fwp%2Fv2%2Ftags&post=66551"}],"curies":[{"name":"wp","href":"https:\/\/api.w.org\/{rel}","templated":true}]}}