{"id":66566,"date":"2026-03-12T18:46:55","date_gmt":"2026-03-13T00:46:55","guid":{"rendered":"https:\/\/labestiapolitica.com.mx\/?p=66566"},"modified":"2026-03-13T10:43:25","modified_gmt":"2026-03-13T16:43:25","slug":"mas-de-600-arqueros-competiran-en-tlaxcala-por-su-pase-al-campeonato-panamericano","status":"publish","type":"post","link":"https:\/\/labestiapolitica.com.mx\/?p=66566","title":{"rendered":"M\u00e1s de 600 arqueros competir\u00e1n en Tlaxcala por su pase al campeonato panamericano."},"content":{"rendered":"<ul>\n<li style=\"text-align: justify;\">La Copa Presidente de Tiro con Arco se realizar\u00e1 del 18 al 22 de marzo, en la Ciudad Deportiva de Alto Rendimiento de Apizaco, con entrada gratuita para el p\u00fablico<\/li>\n<\/ul>\n<p style=\"text-align: justify;\">M\u00e1s de 600 arqueros provenientes de distintas entidades del pa\u00eds competir\u00e1n en Tlaxcala durante la Copa Presidente de Tiro con Arco, evento que se realizar\u00e1 del 18 al 22 de marzo en la Ciudad Deportiva de Alto Rendimiento, en Apizaco, el cual ser\u00e1 clave para los atletas juveniles que buscan su clasificaci\u00f3n al Campeonato Panamericano de Medell\u00edn, Colombia.<\/p>\n<p style=\"text-align: justify;\">La convocatoria del torneo cerr\u00f3 oficialmente tras superar los 600 registros, consolidando a esta competencia como una de las m\u00e1s importantes dentro del calendario nacional de tiro con arco.<\/p>\n<p style=\"text-align: justify;\">El Instituto del Deporte de Tlaxcala (IDET) inform\u00f3 que, por segunda ocasi\u00f3n consecutiva, Tlaxcala ser\u00e1 sede de este certamen que reunir\u00e1 a la \u00e9lite de la disciplina en las categor\u00edas juvenil, m\u00e1ster y para arquer\u00eda, donde adem\u00e1s los atletas de deporte adaptado aprovechar\u00e1n el torneo como preparaci\u00f3n rumbo al Panamericano programado para finales de 2026.<\/p>\n<p style=\"text-align: justify;\">El torneo contempla una bolsa de premiaci\u00f3n de 150 mil pesos, lo que lo posiciona como uno de los eventos m\u00e1s atractivos del circuito nacional de tiro con arco.<\/p>\n<p style=\"text-align: justify;\">La competencia se desarrollar\u00e1 en la pista de atletismo de la Ciudad Deportiva de Alto Rendimiento, donde se espera la presencia de arqueros de alto nivel provenientes de distintas regiones del pa\u00eds y la entrada ser\u00e1 completamente gratuita, por lo que la poblaci\u00f3n podr\u00e1 asistir y disfrutar de las competencias desde la zona de grader\u00edas del recinto.<\/p>\n<p style=\"text-align: justify;\">Con este tipo de competencias, Tlaxcala contin\u00faa posicion\u00e1ndose como un referente nacional en la organizaci\u00f3n de eventos deportivos de alto nivel, al reunir a atletas de distintas entidades del pa\u00eds y acercar al p\u00fablico la oportunidad de presenciar disciplinas como el tiro con arco.<\/p>\n","protected":false},"excerpt":{"rendered":"<p>La Copa Presidente de Tiro con Arco se realizar\u00e1 del 18 al 22 de marzo, en la Ciudad Deportiva de Alto Rendimiento de Apizaco, con entrada gratuita para el p\u00fablico M\u00e1s de 600 arqueros provenientes de distintas entidades del pa\u00eds competir\u00e1n en Tlaxcala durante la Copa Presidente de Tiro con Arco, evento que se realizar\u00e1 [&hellip;]<\/p>\n","protected":false},"author":5,"featured_media":66568,"comment_status":"open","ping_status":"open","sticky":false,"template":"","format":"standard","meta":{"footnotes":""},"categories":[5,236],"tags":[],"class_list":["post-66566","post","type-post","status-publish","format-standard","has-post-thumbnail","hentry","category-deportes","category-gobierno-de-tlaxcala"],"amp_enabled":true,"_links":{"self":[{"href":"https:\/\/labestiapolitica.com.mx\/index.php?rest_route=\/wp\/v2\/posts\/66566","targetHints":{"allow":["GET"]}}],"collection":[{"href":"https:\/\/labestiapolitica.com.mx\/index.php?rest_route=\/wp\/v2\/posts"}],"about":[{"href":"https:\/\/labestiapolitica.com.mx\/index.php?rest_route=\/wp\/v2\/types\/post"}],"author":[{"embeddable":true,"href":"https:\/\/labestiapolitica.com.mx\/index.php?rest_route=\/wp\/v2\/users\/5"}],"replies":[{"embeddable":true,"href":"https:\/\/labestiapolitica.com.mx\/index.php?rest_route=%2Fwp%2Fv2%2Fcomments&post=66566"}],"version-history":[{"count":1,"href":"https:\/\/labestiapolitica.com.mx\/index.php?rest_route=\/wp\/v2\/posts\/66566\/revisions"}],"predecessor-version":[{"id":66569,"href":"https:\/\/labestiapolitica.com.mx\/index.php?rest_route=\/wp\/v2\/posts\/66566\/revisions\/66569"}],"wp:featuredmedia":[{"embeddable":true,"href":"https:\/\/labestiapolitica.com.mx\/index.php?rest_route=\/wp\/v2\/media\/66568"}],"wp:attachment":[{"href":"https:\/\/labestiapolitica.com.mx\/index.php?rest_route=%2Fwp%2Fv2%2Fmedia&parent=66566"}],"wp:term":[{"taxonomy":"category","embeddable":true,"href":"https:\/\/labestiapolitica.com.mx\/index.php?rest_route=%2Fwp%2Fv2%2Fcategories&post=66566"},{"taxonomy":"post_tag","embeddable":true,"href":"https:\/\/labestiapolitica.com.mx\/index.php?rest_route=%2Fwp%2Fv2%2Ftags&post=66566"}],"curies":[{"name":"wp","href":"https:\/\/api.w.org\/{rel}","templated":true}]}}