{"id":66588,"date":"2026-03-13T13:00:57","date_gmt":"2026-03-13T19:00:57","guid":{"rendered":"https:\/\/labestiapolitica.com.mx\/?p=66588"},"modified":"2026-03-13T13:02:29","modified_gmt":"2026-03-13T19:02:29","slug":"huamantla-fue-sede-de-la-segunda-etapa-del-xvii-parlamento-infantil-tlaxcala-2026","status":"publish","type":"post","link":"https:\/\/labestiapolitica.com.mx\/?p=66588","title":{"rendered":"Huamantla fue sede de la segunda etapa del XVII Parlamento Infantil Tlaxcala 2026."},"content":{"rendered":"<p style=\"text-align: justify;\">Como parte de las acciones del programa \u201cProtecci\u00f3n a los Derechos Humanos de las Ni\u00f1as, Ni\u00f1os y Adolescentes\u201d, la Comisi\u00f3n Estatal de Derechos Humanos de Tlaxcala llev\u00f3 a cabo en el municipio de Huamantla la Segunda Etapa del D\u00e9cimo S\u00e9ptimo Parlamento Infantil Tlaxcala 2026, un ejercicio que promueve la participaci\u00f3n de la ni\u00f1ez en temas de inter\u00e9s social.<\/p>\n<p style=\"text-align: justify;\">Este encuentro tiene como objetivo generar espacios donde ni\u00f1as y ni\u00f1os puedan expresar sus ideas, reflexiones y propuestas, contribuyendo al fortalecimiento de una cultura de paz, respeto y promoci\u00f3n de los derechos humanos desde temprana edad.<\/p>\n<p style=\"text-align: justify;\">De acuerdo con la convocatoria emitida para este parlamento, las y los participantes fueron previamente inscritos por sus instituciones educativas. Posteriormente, se seleccion\u00f3 a un cierto n\u00famero de infantes por cada distrito electoral local, quienes participan en esta segunda etapa que se desarrolla en las cabeceras distritales del estado.<\/p>\n<p style=\"text-align: justify;\">Durante la jornada realizada en Huamantla se llev\u00f3 a cabo la presentaci\u00f3n e instrucciones de participaci\u00f3n, seguida de la disertaci\u00f3n de las ni\u00f1as y los ni\u00f1os participantes, quienes compartieron sus puntos de vista y propuestas sobre diversos temas de inter\u00e9s social. La exposici\u00f3n de cada participante constituye el medio mediante el cual se emite el voto entre los propios asistentes para elegir a quienes representar\u00e1n a su distrito en la siguiente fase del proceso.<\/p>\n<p style=\"text-align: justify;\">El evento cont\u00f3 con la presencia de autoridades municipales, consejeras y consejeros consultivos de la Comisi\u00f3n Estatal de Derechos Humanos, as\u00ed como representantes del Instituto Tlaxcalteca de Elecciones (ITE) y CONAFE, instituciones que respaldan este ejercicio que impulsa la participaci\u00f3n democr\u00e1tica de la ni\u00f1ez.<\/p>\n<p style=\"text-align: justify;\">Una vez concluida esta etapa, la Comisi\u00f3n Estatal de Derechos Humanos integrar\u00e1 la lista de dos ni\u00f1as y dos ni\u00f1os seleccionados por cada distrito electoral local, quienes participar\u00e1n en la Asamblea Estatal del Parlamento Infantil, que se realizar\u00e1 el 29 de abril de 2026.<\/p>\n<p style=\"text-align: justify;\">A trav\u00e9s de este tipo de iniciativas se busca fortalecer la participaci\u00f3n de las infancias, reconociendo la importancia de escuchar sus voces y propuestas para la construcci\u00f3n de una sociedad m\u00e1s participativa, respetuosa de los derechos humanos y comprometida con el bienestar colectivo.<\/p>\n","protected":false},"excerpt":{"rendered":"<p>Como parte de las acciones del programa \u201cProtecci\u00f3n a los Derechos Humanos de las Ni\u00f1as, Ni\u00f1os y Adolescentes\u201d, la Comisi\u00f3n Estatal de Derechos Humanos de Tlaxcala llev\u00f3 a cabo en el municipio de Huamantla la Segunda Etapa del D\u00e9cimo S\u00e9ptimo Parlamento Infantil Tlaxcala 2026, un ejercicio que promueve la participaci\u00f3n de la ni\u00f1ez en temas [&hellip;]<\/p>\n","protected":false},"author":5,"featured_media":66593,"comment_status":"open","ping_status":"open","sticky":false,"template":"","format":"standard","meta":{"footnotes":""},"categories":[220,216],"tags":[],"class_list":["post-66588","post","type-post","status-publish","format-standard","has-post-thumbnail","hentry","category-huamantla","category-municipios"],"amp_enabled":true,"_links":{"self":[{"href":"https:\/\/labestiapolitica.com.mx\/index.php?rest_route=\/wp\/v2\/posts\/66588","targetHints":{"allow":["GET"]}}],"collection":[{"href":"https:\/\/labestiapolitica.com.mx\/index.php?rest_route=\/wp\/v2\/posts"}],"about":[{"href":"https:\/\/labestiapolitica.com.mx\/index.php?rest_route=\/wp\/v2\/types\/post"}],"author":[{"embeddable":true,"href":"https:\/\/labestiapolitica.com.mx\/index.php?rest_route=\/wp\/v2\/users\/5"}],"replies":[{"embeddable":true,"href":"https:\/\/labestiapolitica.com.mx\/index.php?rest_route=%2Fwp%2Fv2%2Fcomments&post=66588"}],"version-history":[{"count":1,"href":"https:\/\/labestiapolitica.com.mx\/index.php?rest_route=\/wp\/v2\/posts\/66588\/revisions"}],"predecessor-version":[{"id":66591,"href":"https:\/\/labestiapolitica.com.mx\/index.php?rest_route=\/wp\/v2\/posts\/66588\/revisions\/66591"}],"wp:featuredmedia":[{"embeddable":true,"href":"https:\/\/labestiapolitica.com.mx\/index.php?rest_route=\/wp\/v2\/media\/66593"}],"wp:attachment":[{"href":"https:\/\/labestiapolitica.com.mx\/index.php?rest_route=%2Fwp%2Fv2%2Fmedia&parent=66588"}],"wp:term":[{"taxonomy":"category","embeddable":true,"href":"https:\/\/labestiapolitica.com.mx\/index.php?rest_route=%2Fwp%2Fv2%2Fcategories&post=66588"},{"taxonomy":"post_tag","embeddable":true,"href":"https:\/\/labestiapolitica.com.mx\/index.php?rest_route=%2Fwp%2Fv2%2Ftags&post=66588"}],"curies":[{"name":"wp","href":"https:\/\/api.w.org\/{rel}","templated":true}]}}