{"id":66594,"date":"2026-03-13T14:30:21","date_gmt":"2026-03-13T20:30:21","guid":{"rendered":"https:\/\/labestiapolitica.com.mx\/?p=66594"},"modified":"2026-03-13T14:30:30","modified_gmt":"2026-03-13T20:30:30","slug":"impulsan-en-tlaxco-turismo-comunitario-y-saberes-culturales","status":"publish","type":"post","link":"https:\/\/labestiapolitica.com.mx\/?p=66594","title":{"rendered":"Impulsan en Tlaxco turismo comunitario y saberes culturales."},"content":{"rendered":"<p style=\"text-align: justify;\"><em>Demian M\u00e1rquez<\/em> | Con la participaci\u00f3n de representantes de M\u00e9xico, Colombia y Ecuador, se inaugur\u00f3 en Tlaxco el Tercer Encuentro Internacional de Saberes Culturales, Artes, Oficios y Turismo Comunitario, un espacio destinado al intercambio de experiencias entre comunidades, artesanos y promotores culturales.<\/p>\n<p style=\"text-align: justify;\">El evento reuni\u00f3 a autoridades municipales de los pueblos y barrios m\u00e1gicos de Tlaxcala, as\u00ed como a representantes de organizaciones dedicadas al impulso del turismo comunitario.<\/p>\n<p style=\"text-align: justify;\">Durante la apertura, la presidenta municipal de Tlaxco, Diana Torrej\u00f3n Rodr\u00edguez, dio la bienvenida a los participantes y destac\u00f3 la importancia de este tipo de encuentros para fortalecer las tradiciones y generar nuevas alianzas entre comunidades.<\/p>\n<p style=\"text-align: justify;\">En el acto tambi\u00e9n estuvieron presentes el secretario de Turismo del estado, Fabricio Mena Rodr\u00edguez, y los alcaldes Javier Rivera Bonilla, de Apizaco, y Aline Caballero, de Ixtenco.<\/p>\n<p style=\"text-align: justify;\">En su intervenci\u00f3n, el secretario de Turismo subray\u00f3 que el turismo comunitario se ha convertido en una herramienta clave para el desarrollo econ\u00f3mico y social de las comunidades, al permitir que las tradiciones, la gastronom\u00eda y las artesan\u00edas se conviertan en motores de crecimiento local.<\/p>\n<p style=\"text-align: justify;\">Asimismo, destac\u00f3 que el estado avanza en el reconocimiento y protecci\u00f3n de productos tradicionales, como el pulque, al obtener su indicaci\u00f3n geogr\u00e1fica para proteger su producci\u00f3n en diversos municipios.<\/p>\n<p style=\"text-align: justify;\">Por su parte, Mauricio Grajales Valencia, representante legal de la asociaci\u00f3n comunitaria Territorios de Paz de Colombia, resalt\u00f3 que este proyecto busca promover la conservaci\u00f3n de los saberes ancestrales y fortalecer la identidad cultural de las comunidades.<\/p>\n<p style=\"text-align: justify;\">Se\u00f1al\u00f3 que, a trav\u00e9s del turismo comunitario, es posible generar alternativas econ\u00f3micas sostenibles que ayuden a preservar el territorio, la biodiversidad y las tradiciones transmitidas de generaci\u00f3n en generaci\u00f3n.<\/p>\n<p style=\"text-align: justify;\">Durante los pr\u00f3ximos d\u00edas se desarrollar\u00e1n talleres, conversatorios y actividades culturales en distintos municipios de Tlaxcala, con la participaci\u00f3n de artesanos, cocineros tradicionales y promotores comunitarios.<\/p>\n<p style=\"text-align: justify;\">Estas acciones buscan fomentar el intercambio cultural entre pa\u00edses y posicionar al estado como un referente en turismo comunitario y preservaci\u00f3n del patrimonio cultural.<\/p>\n","protected":false},"excerpt":{"rendered":"<p>Demian M\u00e1rquez | Con la participaci\u00f3n de representantes de M\u00e9xico, Colombia y Ecuador, se inaugur\u00f3 en Tlaxco el Tercer Encuentro Internacional de Saberes Culturales, Artes, Oficios y Turismo Comunitario, un espacio destinado al intercambio de experiencias entre comunidades, artesanos y promotores culturales. El evento reuni\u00f3 a autoridades municipales de los pueblos y barrios m\u00e1gicos de [&hellip;]<\/p>\n","protected":false},"author":5,"featured_media":66595,"comment_status":"open","ping_status":"open","sticky":false,"template":"","format":"standard","meta":{"footnotes":""},"categories":[3,7,216,289],"tags":[],"class_list":["post-66594","post","type-post","status-publish","format-standard","has-post-thumbnail","hentry","category-8-columnas","category-ciudadanos","category-municipios","category-tlaxco"],"amp_enabled":true,"_links":{"self":[{"href":"https:\/\/labestiapolitica.com.mx\/index.php?rest_route=\/wp\/v2\/posts\/66594","targetHints":{"allow":["GET"]}}],"collection":[{"href":"https:\/\/labestiapolitica.com.mx\/index.php?rest_route=\/wp\/v2\/posts"}],"about":[{"href":"https:\/\/labestiapolitica.com.mx\/index.php?rest_route=\/wp\/v2\/types\/post"}],"author":[{"embeddable":true,"href":"https:\/\/labestiapolitica.com.mx\/index.php?rest_route=\/wp\/v2\/users\/5"}],"replies":[{"embeddable":true,"href":"https:\/\/labestiapolitica.com.mx\/index.php?rest_route=%2Fwp%2Fv2%2Fcomments&post=66594"}],"version-history":[{"count":2,"href":"https:\/\/labestiapolitica.com.mx\/index.php?rest_route=\/wp\/v2\/posts\/66594\/revisions"}],"predecessor-version":[{"id":66597,"href":"https:\/\/labestiapolitica.com.mx\/index.php?rest_route=\/wp\/v2\/posts\/66594\/revisions\/66597"}],"wp:featuredmedia":[{"embeddable":true,"href":"https:\/\/labestiapolitica.com.mx\/index.php?rest_route=\/wp\/v2\/media\/66595"}],"wp:attachment":[{"href":"https:\/\/labestiapolitica.com.mx\/index.php?rest_route=%2Fwp%2Fv2%2Fmedia&parent=66594"}],"wp:term":[{"taxonomy":"category","embeddable":true,"href":"https:\/\/labestiapolitica.com.mx\/index.php?rest_route=%2Fwp%2Fv2%2Fcategories&post=66594"},{"taxonomy":"post_tag","embeddable":true,"href":"https:\/\/labestiapolitica.com.mx\/index.php?rest_route=%2Fwp%2Fv2%2Ftags&post=66594"}],"curies":[{"name":"wp","href":"https:\/\/api.w.org\/{rel}","templated":true}]}}