{"id":66598,"date":"2026-03-13T14:33:22","date_gmt":"2026-03-13T20:33:22","guid":{"rendered":"https:\/\/labestiapolitica.com.mx\/?p=66598"},"modified":"2026-03-13T14:39:37","modified_gmt":"2026-03-13T20:39:37","slug":"respaldan-gobernadores-de-la-4t-plan-b-lorena-cuellar-refrenda-compromiso-con-la-austeridad","status":"publish","type":"post","link":"https:\/\/labestiapolitica.com.mx\/?p=66598","title":{"rendered":"Respaldan gobernadores de la 4T Plan B; Lorena Cu\u00e9llar refrenda compromiso con la austeridad."},"content":{"rendered":"<p style=\"text-align: justify;\"><em>Mariana LOVERA<\/em>\u00a0<em>|<\/em> En un pronunciamiento emitido este viernes 13 de marzo de 2026, las y los gobernadores de la Cuarta Transformaci\u00f3n manifestaron su respaldo total al Plan B impulsado por la presidenta Claudia Sheinbaum Pardo, una iniciativa que busca reformar el sistema electoral mexicano bajo los principios de austeridad, eficiencia y democracia participativa.<\/p>\n<p style=\"text-align: justify;\">El documento, firmado por 22 mandatarios estatales y la Jefa de Gobierno de la Ciudad de M\u00e9xico, destaca la necesidad de \u00abmodernizar\u00bb las instituciones electorales, eliminar gastos innecesarios y combatir los \u00abexcesos burocr\u00e1ticos\u00bb que durante d\u00e9cadas, se\u00f1alan, han alejado al sistema electoral de la ciudadan\u00eda.<\/p>\n<p style=\"text-align: justify;\">Entre las y los firmantes se encuentra la gobernadora de Tlaxcala, Lorena Cu\u00e9llar Cisneros, quien refrend\u00f3 los principios que dieron origen al movimiento de transformaci\u00f3n: honestidad, justicia social y participaci\u00f3n ciudadana. La mandataria tlaxcalteca se suma as\u00ed al respaldo colectivo que califica el Plan B como una \u00aboportunidad hist\u00f3rica\u00bb para consolidar la democracia en M\u00e9xico.<\/p>\n<p style=\"text-align: justify;\">El pronunciamiento subraya que \u00abla democracia se fortalece cuando las instituciones evolucionan\u00bb y cuando los recursos p\u00fablicos se destinan con responsabilidad en beneficio del pueblo. En ese sentido, los gobernadores reafirmaron su compromiso de seguir trabajando desde sus estados para garantizar que la voluntad popular siga siendo el eje rector de la vida p\u00fablica del pa\u00eds.<\/p>\n<p style=\"text-align: justify;\">Adem\u00e1s de Cu\u00e9llar Cisneros, el documento est\u00e1 rubricado por figuras como Clara Brugada (CDMX), Delfina G\u00f3mez (Estado de M\u00e9xico), Evelyn Salgado (Guerrero), Layda Sansores (Campeche), Indira Vizca\u00edno (Colima), Marina del Pilar \u00c1vila (Baja California), Am\u00e9rico Villarreal (Tamaulipas), Salom\u00f3n Jara (Oaxaca), Alejandro Armenta (Puebla), y Norma Roc\u00edo Nahle (Veracruz), entre otros.<\/p>\n<p style=\"text-align: justify;\">El pronunciamiento ocurre en un contexto de debate nacional sobre el futuro del sistema electoral y el papel de los organismos aut\u00f3nomos, donde el bloque oficialista insiste en la necesidad de ajustar el gasto p\u00fablico y priorizar programas sociales.<\/p>\n","protected":false},"excerpt":{"rendered":"<p>Mariana LOVERA\u00a0| En un pronunciamiento emitido este viernes 13 de marzo de 2026, las y los gobernadores de la Cuarta Transformaci\u00f3n manifestaron su respaldo total al Plan B impulsado por la presidenta Claudia Sheinbaum Pardo, una iniciativa que busca reformar el sistema electoral mexicano bajo los principios de austeridad, eficiencia y democracia participativa. El documento, [&hellip;]<\/p>\n","protected":false},"author":6,"featured_media":66599,"comment_status":"open","ping_status":"open","sticky":false,"template":"","format":"standard","meta":{"footnotes":""},"categories":[3,247],"tags":[],"class_list":["post-66598","post","type-post","status-publish","format-standard","has-post-thumbnail","hentry","category-8-columnas","category-politica"],"amp_enabled":true,"_links":{"self":[{"href":"https:\/\/labestiapolitica.com.mx\/index.php?rest_route=\/wp\/v2\/posts\/66598","targetHints":{"allow":["GET"]}}],"collection":[{"href":"https:\/\/labestiapolitica.com.mx\/index.php?rest_route=\/wp\/v2\/posts"}],"about":[{"href":"https:\/\/labestiapolitica.com.mx\/index.php?rest_route=\/wp\/v2\/types\/post"}],"author":[{"embeddable":true,"href":"https:\/\/labestiapolitica.com.mx\/index.php?rest_route=\/wp\/v2\/users\/6"}],"replies":[{"embeddable":true,"href":"https:\/\/labestiapolitica.com.mx\/index.php?rest_route=%2Fwp%2Fv2%2Fcomments&post=66598"}],"version-history":[{"count":1,"href":"https:\/\/labestiapolitica.com.mx\/index.php?rest_route=\/wp\/v2\/posts\/66598\/revisions"}],"predecessor-version":[{"id":66600,"href":"https:\/\/labestiapolitica.com.mx\/index.php?rest_route=\/wp\/v2\/posts\/66598\/revisions\/66600"}],"wp:featuredmedia":[{"embeddable":true,"href":"https:\/\/labestiapolitica.com.mx\/index.php?rest_route=\/wp\/v2\/media\/66599"}],"wp:attachment":[{"href":"https:\/\/labestiapolitica.com.mx\/index.php?rest_route=%2Fwp%2Fv2%2Fmedia&parent=66598"}],"wp:term":[{"taxonomy":"category","embeddable":true,"href":"https:\/\/labestiapolitica.com.mx\/index.php?rest_route=%2Fwp%2Fv2%2Fcategories&post=66598"},{"taxonomy":"post_tag","embeddable":true,"href":"https:\/\/labestiapolitica.com.mx\/index.php?rest_route=%2Fwp%2Fv2%2Ftags&post=66598"}],"curies":[{"name":"wp","href":"https:\/\/api.w.org\/{rel}","templated":true}]}}