{"id":66601,"date":"2026-03-13T14:35:37","date_gmt":"2026-03-13T20:35:37","guid":{"rendered":"https:\/\/labestiapolitica.com.mx\/?p=66601"},"modified":"2026-03-13T14:35:37","modified_gmt":"2026-03-13T20:35:37","slug":"incorporacion-de-trabajadoras-del-hogar-al-imss-logro-de-la-cuarta-transformacion-ana-lilia-rivera","status":"publish","type":"post","link":"https:\/\/labestiapolitica.com.mx\/?p=66601","title":{"rendered":"Incorporaci\u00f3n de trabajadoras del hogar al IMSS, logro de la Cuarta Transformaci\u00f3n: Ana Lilia Rivera."},"content":{"rendered":"<ul>\n<li style=\"text-align: justify;\">La senadora tlaxcalteca Ana Lilia Rivera Rivera afirm\u00f3 que garantizar seguridad social a este sector salda una deuda hist\u00f3rica con miles de mujeres que durante d\u00e9cadas trabajaron sin derechos laborales<\/li>\n<\/ul>\n<p style=\"text-align: justify;\">La senadora Ana Lilia Rivera Rivera asegur\u00f3 que la incorporaci\u00f3n obligatoria de las personas trabajadoras del hogar al r\u00e9gimen de seguridad social es uno de los avances sociales m\u00e1s importantes impulsados por la llamada Cuarta Transformaci\u00f3n, al reconocer derechos a un sector que hist\u00f3ricamente hab\u00eda permanecido en la invisibilidad laboral.<\/p>\n<p style=\"text-align: justify;\">La legisladora se\u00f1al\u00f3 que durante d\u00e9cadas el trabajo dom\u00e9stico remunerado fue fundamental para el funcionamiento de miles de hogares en el pa\u00eds, pero se realizaba sin acceso a servicios m\u00e9dicos, incapacidades, guarder\u00edas o la posibilidad de una pensi\u00f3n, lo que representaba una exclusi\u00f3n profunda dentro del sistema laboral. \u201cEra una deuda hist\u00f3rica con quienes sostienen la vida cotidiana de muchas familias\u201d, expres\u00f3.<\/p>\n<p style=\"text-align: justify;\">Rivera Rivera explic\u00f3 que esta reforma tiene adem\u00e1s una dimensi\u00f3n de justicia de g\u00e9nero, ya que la mayor\u00eda de las personas dedicadas al trabajo del hogar son mujeres, muchas de ellas provenientes de contextos de vulnerabilidad econ\u00f3mica y social.<\/p>\n<p style=\"text-align: justify;\">Por ello, subray\u00f3 que su incorporaci\u00f3n al r\u00e9gimen obligatorio del Instituto Mexicano del Seguro Social (IMSS) representa una doble reparaci\u00f3n: laboral, al reconocer que todo trabajo genera derechos, y social, al corregir una desigualdad estructural que durante a\u00f1os afect\u00f3 principalmente a mujeres.<\/p>\n<p style=\"text-align: justify;\">La senadora destac\u00f3 que en estados como Tlaxcala este avance cobra especial relevancia, ya que miles de mujeres se dedican al trabajo dom\u00e9stico remunerado sin contar hist\u00f3ricamente con prestaciones ni protecci\u00f3n social. Con la reforma, explic\u00f3, ahora pueden acceder a atenci\u00f3n m\u00e9dica, incapacidades por enfermedad o maternidad, servicios de guarder\u00eda y, a largo plazo, a una pensi\u00f3n.<\/p>\n<p style=\"text-align: justify;\">Ana Lilia Rivera sostuvo que esta pol\u00edtica p\u00fablica refleja el enfoque social de la Cuarta Transformaci\u00f3n, al ampliar derechos a sectores que por d\u00e9cadas quedaron fuera de la protecci\u00f3n del Estado. \u201cEn M\u00e9xico no debe haber trabajos invisibles ni trabajadores de segunda categor\u00eda; ese es el sentido profundo de este cambio\u201d, concluy\u00f3.<\/p>\n","protected":false},"excerpt":{"rendered":"<p>La senadora tlaxcalteca Ana Lilia Rivera Rivera afirm\u00f3 que garantizar seguridad social a este sector salda una deuda hist\u00f3rica con miles de mujeres que durante d\u00e9cadas trabajaron sin derechos laborales La senadora Ana Lilia Rivera Rivera asegur\u00f3 que la incorporaci\u00f3n obligatoria de las personas trabajadoras del hogar al r\u00e9gimen de seguridad social es uno de [&hellip;]<\/p>\n","protected":false},"author":5,"featured_media":66602,"comment_status":"open","ping_status":"open","sticky":false,"template":"","format":"standard","meta":{"footnotes":""},"categories":[247,230],"tags":[],"class_list":["post-66601","post","type-post","status-publish","format-standard","has-post-thumbnail","hentry","category-politica","category-senado-de-mexico"],"amp_enabled":true,"_links":{"self":[{"href":"https:\/\/labestiapolitica.com.mx\/index.php?rest_route=\/wp\/v2\/posts\/66601","targetHints":{"allow":["GET"]}}],"collection":[{"href":"https:\/\/labestiapolitica.com.mx\/index.php?rest_route=\/wp\/v2\/posts"}],"about":[{"href":"https:\/\/labestiapolitica.com.mx\/index.php?rest_route=\/wp\/v2\/types\/post"}],"author":[{"embeddable":true,"href":"https:\/\/labestiapolitica.com.mx\/index.php?rest_route=\/wp\/v2\/users\/5"}],"replies":[{"embeddable":true,"href":"https:\/\/labestiapolitica.com.mx\/index.php?rest_route=%2Fwp%2Fv2%2Fcomments&post=66601"}],"version-history":[{"count":1,"href":"https:\/\/labestiapolitica.com.mx\/index.php?rest_route=\/wp\/v2\/posts\/66601\/revisions"}],"predecessor-version":[{"id":66603,"href":"https:\/\/labestiapolitica.com.mx\/index.php?rest_route=\/wp\/v2\/posts\/66601\/revisions\/66603"}],"wp:featuredmedia":[{"embeddable":true,"href":"https:\/\/labestiapolitica.com.mx\/index.php?rest_route=\/wp\/v2\/media\/66602"}],"wp:attachment":[{"href":"https:\/\/labestiapolitica.com.mx\/index.php?rest_route=%2Fwp%2Fv2%2Fmedia&parent=66601"}],"wp:term":[{"taxonomy":"category","embeddable":true,"href":"https:\/\/labestiapolitica.com.mx\/index.php?rest_route=%2Fwp%2Fv2%2Fcategories&post=66601"},{"taxonomy":"post_tag","embeddable":true,"href":"https:\/\/labestiapolitica.com.mx\/index.php?rest_route=%2Fwp%2Fv2%2Ftags&post=66601"}],"curies":[{"name":"wp","href":"https:\/\/api.w.org\/{rel}","templated":true}]}}