{"id":66607,"date":"2026-03-13T14:40:15","date_gmt":"2026-03-13T20:40:15","guid":{"rendered":"https:\/\/labestiapolitica.com.mx\/?p=66607"},"modified":"2026-03-13T14:40:15","modified_gmt":"2026-03-13T20:40:15","slug":"artesanias-tlaxcaltecas-cruzaran-fronteras-secture-planea-tienda-en-colombia","status":"publish","type":"post","link":"https:\/\/labestiapolitica.com.mx\/?p=66607","title":{"rendered":"Artesan\u00edas tlaxcaltecas cruzar\u00e1n fronteras: Secture planea tienda en Colombia."},"content":{"rendered":"<p style=\"text-align: justify;\"><em>Demian M\u00e1rquez<\/em> | El secretario de Turismo de Tlaxcala, Fabricio Mena Rodr\u00edguez, inform\u00f3 que uno de los proyectos que se impulsa a partir del Encuentro Internacional de Saberes Culturales, Artes, Oficios y Turismo Comunitario es la posible instalaci\u00f3n de una tienda de productos artesanales del estado en Colombia, con el objetivo de abrir nuevos mercados para artesanos y productores locales.<\/p>\n<p style=\"text-align: justify;\">El funcionario en entrevista para la Bestia Pol\u00edtica record\u00f3 que este encuentro, que re\u00fane a representantes de M\u00e9xico, Colombia y Ecuador, busca fortalecer el turismo comunitario mediante el intercambio de conocimientos, experiencias y productos entre las comunidades participantes.<\/p>\n<p style=\"text-align: justify;\">Se\u00f1al\u00f3 que estos espacios permiten reconocer la riqueza cultural de cada regi\u00f3n y generar oportunidades de colaboraci\u00f3n.<\/p>\n<p style=\"text-align: justify;\">Respecto al proyecto de la tienda, Mena Rodr\u00edguez indic\u00f3 que actualmente se encuentra en proceso de gesti\u00f3n para concretarse antes de que concluya la administraci\u00f3n estatal.<\/p>\n<p style=\"text-align: justify;\">La intenci\u00f3n es que artesanos tlaxcaltecas cuenten con un punto de venta permanente en territorio colombiano, particularmente en regiones como Bocay\u00e1 y Risaralda, donde ya existe colaboraci\u00f3n con promotores del turismo comunitario.<\/p>\n<p style=\"text-align: justify;\">Finalmente, el secretario invit\u00f3 a la ciudadan\u00eda a participar en las actividades del encuentro internacional que se realizan en distintos municipios del estado, donde se desarrollan talleres, conversatorios y exposiciones culturales que buscan difundir las tradiciones, la gastronom\u00eda y el trabajo artesanal de las comunidades tlaxcaltecas.<\/p>\n","protected":false},"excerpt":{"rendered":"<p>Demian M\u00e1rquez | El secretario de Turismo de Tlaxcala, Fabricio Mena Rodr\u00edguez, inform\u00f3 que uno de los proyectos que se impulsa a partir del Encuentro Internacional de Saberes Culturales, Artes, Oficios y Turismo Comunitario es la posible instalaci\u00f3n de una tienda de productos artesanales del estado en Colombia, con el objetivo de abrir nuevos mercados [&hellip;]<\/p>\n","protected":false},"author":5,"featured_media":66608,"comment_status":"open","ping_status":"open","sticky":false,"template":"","format":"standard","meta":{"footnotes":""},"categories":[3,7],"tags":[],"class_list":["post-66607","post","type-post","status-publish","format-standard","has-post-thumbnail","hentry","category-8-columnas","category-ciudadanos"],"amp_enabled":true,"_links":{"self":[{"href":"https:\/\/labestiapolitica.com.mx\/index.php?rest_route=\/wp\/v2\/posts\/66607","targetHints":{"allow":["GET"]}}],"collection":[{"href":"https:\/\/labestiapolitica.com.mx\/index.php?rest_route=\/wp\/v2\/posts"}],"about":[{"href":"https:\/\/labestiapolitica.com.mx\/index.php?rest_route=\/wp\/v2\/types\/post"}],"author":[{"embeddable":true,"href":"https:\/\/labestiapolitica.com.mx\/index.php?rest_route=\/wp\/v2\/users\/5"}],"replies":[{"embeddable":true,"href":"https:\/\/labestiapolitica.com.mx\/index.php?rest_route=%2Fwp%2Fv2%2Fcomments&post=66607"}],"version-history":[{"count":1,"href":"https:\/\/labestiapolitica.com.mx\/index.php?rest_route=\/wp\/v2\/posts\/66607\/revisions"}],"predecessor-version":[{"id":66609,"href":"https:\/\/labestiapolitica.com.mx\/index.php?rest_route=\/wp\/v2\/posts\/66607\/revisions\/66609"}],"wp:featuredmedia":[{"embeddable":true,"href":"https:\/\/labestiapolitica.com.mx\/index.php?rest_route=\/wp\/v2\/media\/66608"}],"wp:attachment":[{"href":"https:\/\/labestiapolitica.com.mx\/index.php?rest_route=%2Fwp%2Fv2%2Fmedia&parent=66607"}],"wp:term":[{"taxonomy":"category","embeddable":true,"href":"https:\/\/labestiapolitica.com.mx\/index.php?rest_route=%2Fwp%2Fv2%2Fcategories&post=66607"},{"taxonomy":"post_tag","embeddable":true,"href":"https:\/\/labestiapolitica.com.mx\/index.php?rest_route=%2Fwp%2Fv2%2Ftags&post=66607"}],"curies":[{"name":"wp","href":"https:\/\/api.w.org\/{rel}","templated":true}]}}