{"id":66611,"date":"2026-03-13T17:09:58","date_gmt":"2026-03-13T23:09:58","guid":{"rendered":"https:\/\/labestiapolitica.com.mx\/?p=66611"},"modified":"2026-03-13T17:09:58","modified_gmt":"2026-03-13T23:09:58","slug":"policia-municipal-de-huamantla-detiene-a-masculino-senalado-por-presunta-agresion-a-una-menor","status":"publish","type":"post","link":"https:\/\/labestiapolitica.com.mx\/?p=66611","title":{"rendered":"Polic\u00eda municipal de Huamantla detiene a masculino se\u00f1alado por presunta agresi\u00f3n a una menor."},"content":{"rendered":"<p style=\"text-align: justify;\">Elementos de la Direcci\u00f3n de Seguridad P\u00fablica, Tr\u00e1nsito y Protecci\u00f3n Civil de Huamantla realizaron la detenci\u00f3n de un masculino se\u00f1alado por su probable responsabilidad en un hecho constitutivo de delito en agravio de una menor de edad, en el barrio de San Lucas.<\/p>\n<p style=\"text-align: justify;\">De acuerdo con el reporte oficial, la tarde del 12 de marzo, durante recorridos de seguridad y vigilancia en prevenci\u00f3n del delito, polic\u00edas municipales recibieron un reporte v\u00eda radio para trasladarse a la calle 5 de Mayo esquina Juan de Aquino, donde se solicitaba la presencia de una unidad policial.<\/p>\n<p style=\"text-align: justify;\">Al arribar al lugar, una mujer inform\u00f3 a los elementos que momentos antes un masculino, presuntamente en estado de ebriedad, habr\u00eda realizado tocamientos indebidos y jaloneos a su hija menor de edad, por lo que manifest\u00f3 su intenci\u00f3n de proceder legalmente en su contra.<\/p>\n<p style=\"text-align: justify;\">Ante el se\u00f1alamiento directo y al tratarse de un probable hecho constitutivo de delito, los elementos municipales procedieron a la detenci\u00f3n del masculino, inform\u00e1ndole en todo momento sus derechos conforme a la ley.<\/p>\n<p style=\"text-align: justify;\">Posteriormente, el individuo fue trasladado a las instalaciones de la Direcci\u00f3n de Seguridad P\u00fablica de Huamantla, donde se realizaron los procedimientos correspondientes, incluyendo la valoraci\u00f3n m\u00e9dica de ley y la integraci\u00f3n de la documentaci\u00f3n oficial.<\/p>\n<p style=\"text-align: justify;\">Finalmente, el detenido fue puesto a disposici\u00f3n del Ministerio P\u00fablico de la Fiscal\u00eda General del Estado, instancia que determinar\u00e1 su situaci\u00f3n jur\u00eddica conforme a derecho.<\/p>\n<p style=\"text-align: justify;\">La Direcci\u00f3n de Seguridad P\u00fablica, Tr\u00e1nsito y Protecci\u00f3n Civil de Huamantla reitera su compromiso de actuar con prontitud ante cualquier denuncia y de proteger la integridad de ni\u00f1as, ni\u00f1os y adolescentes, al tiempo que invita a la ciudadan\u00eda a reportar cualquier situaci\u00f3n de riesgo a trav\u00e9s de los n\u00fameros de emergencia.<\/p>\n","protected":false},"excerpt":{"rendered":"<p>Elementos de la Direcci\u00f3n de Seguridad P\u00fablica, Tr\u00e1nsito y Protecci\u00f3n Civil de Huamantla realizaron la detenci\u00f3n de un masculino se\u00f1alado por su probable responsabilidad en un hecho constitutivo de delito en agravio de una menor de edad, en el barrio de San Lucas. De acuerdo con el reporte oficial, la tarde del 12 de marzo, [&hellip;]<\/p>\n","protected":false},"author":5,"featured_media":66612,"comment_status":"open","ping_status":"open","sticky":false,"template":"","format":"standard","meta":{"footnotes":""},"categories":[12,220,216],"tags":[],"class_list":["post-66611","post","type-post","status-publish","format-standard","has-post-thumbnail","hentry","category-brujula-2026","category-huamantla","category-municipios"],"amp_enabled":true,"_links":{"self":[{"href":"https:\/\/labestiapolitica.com.mx\/index.php?rest_route=\/wp\/v2\/posts\/66611","targetHints":{"allow":["GET"]}}],"collection":[{"href":"https:\/\/labestiapolitica.com.mx\/index.php?rest_route=\/wp\/v2\/posts"}],"about":[{"href":"https:\/\/labestiapolitica.com.mx\/index.php?rest_route=\/wp\/v2\/types\/post"}],"author":[{"embeddable":true,"href":"https:\/\/labestiapolitica.com.mx\/index.php?rest_route=\/wp\/v2\/users\/5"}],"replies":[{"embeddable":true,"href":"https:\/\/labestiapolitica.com.mx\/index.php?rest_route=%2Fwp%2Fv2%2Fcomments&post=66611"}],"version-history":[{"count":1,"href":"https:\/\/labestiapolitica.com.mx\/index.php?rest_route=\/wp\/v2\/posts\/66611\/revisions"}],"predecessor-version":[{"id":66613,"href":"https:\/\/labestiapolitica.com.mx\/index.php?rest_route=\/wp\/v2\/posts\/66611\/revisions\/66613"}],"wp:featuredmedia":[{"embeddable":true,"href":"https:\/\/labestiapolitica.com.mx\/index.php?rest_route=\/wp\/v2\/media\/66612"}],"wp:attachment":[{"href":"https:\/\/labestiapolitica.com.mx\/index.php?rest_route=%2Fwp%2Fv2%2Fmedia&parent=66611"}],"wp:term":[{"taxonomy":"category","embeddable":true,"href":"https:\/\/labestiapolitica.com.mx\/index.php?rest_route=%2Fwp%2Fv2%2Fcategories&post=66611"},{"taxonomy":"post_tag","embeddable":true,"href":"https:\/\/labestiapolitica.com.mx\/index.php?rest_route=%2Fwp%2Fv2%2Ftags&post=66611"}],"curies":[{"name":"wp","href":"https:\/\/api.w.org\/{rel}","templated":true}]}}