{"id":66614,"date":"2026-03-13T17:13:06","date_gmt":"2026-03-13T23:13:06","guid":{"rendered":"https:\/\/labestiapolitica.com.mx\/?p=66614"},"modified":"2026-03-13T17:13:06","modified_gmt":"2026-03-13T23:13:06","slug":"impulsa-dif-de-amaxac-la-autonomia-de-ciudadanos-con-discapacidad-visual","status":"publish","type":"post","link":"https:\/\/labestiapolitica.com.mx\/?p=66614","title":{"rendered":"Impulsa DIF de Amaxac la autonom\u00eda de ciudadanos con discapacidad visual."},"content":{"rendered":"<ul>\n<li style=\"text-align: justify;\">Este d\u00eda se realiz\u00f3 la clausura del curso de Braille, donde adem\u00e1s tambi\u00e9n se impartieron clases de movilidad de bast\u00f3n y manejo de \u00e1baco<\/li>\n<\/ul>\n<p style=\"text-align: justify;\">El Sistema Municipal para el Desarrollo Integral de la Familia (SMDIF) del municipio de Amaxac de Guerrero, celebr\u00f3 con \u00e9xito la clausura del curso de Sistema Braille, una iniciativa que ha transformado la vida de cuatro ciudadanos, pues gracias a este taller, los participantes no solo adquirieron herramientas de comunicaci\u00f3n, sino que desarrollaron la capacidad de trasladarse de forma aut\u00f3noma, marcando un hito en su independencia personal y su integraci\u00f3n activa en la comunidad.<\/p>\n<p style=\"text-align: justify;\">El \u00e9xito del programa se debi\u00f3 en gran medida a la labor del profesor Fernando Hern\u00e1ndez V\u00e1zquez, reconocido por su gran capacidad t\u00e9cnica y su constante disposici\u00f3n para apoyar a la ciudadan\u00eda, lo que permiti\u00f3 que el curso trascendiera la lectoescritura b\u00e1sica, ya que los alumnos dominaron el uso del \u00e1baco y la movilidad con bast\u00f3n.<\/p>\n<p style=\"text-align: justify;\">Do\u00f1a Tere, una de las alumna, reconoci\u00f3 el esfuerzo de las autoridades municipales y el apoyo del alcalde, Mauricio Pozos Casta\u00f1\u00f3n para dotarlos de herramientas, pues gracias a su aprendizaje, logr\u00f3 independizarse, ya que ahora cuenta con los conocimientos para trasladarse sola sin el acompa\u00f1amiento de otra persona, lo cual representa una gran ayuda, pues relat\u00f3 que para la mayor\u00eda de personas con debilidad visual, en ocasiones su \u00fanica alternativa es quedarse encerrados en casa, pero con estos conocimientos, ahora son capaces de movilizarse solos por primera vez.<\/p>\n<p style=\"text-align: justify;\">\u00abMe motiva venir a las clases y salir adelante. A veces la familia no tiene tiempo y uno se debe quedar encerrado; con estas clases, uno puede independizarse\u00bb, expres\u00f3 do\u00f1a Tere durante la ceremonia.<\/p>\n<p style=\"text-align: justify;\">El impacto humano del taller se refleja en casos de \u00e9xito como el de Juli\u00e1n, quien logr\u00f3 un avance significativo en lectoescritura, en movilidad con bast\u00f3n y lo m\u00e1s importante, el uso del \u00e1baco; mientras que Lety, quien alcanz\u00f3 un nivel excelente y ha comenzado a independizarse del apoyo constante de su hijo.<\/p>\n<p style=\"text-align: justify;\">El secretario del ayuntamiento, Seraf\u00edn Hern\u00e1ndez Romano y la directora del DIF Municipal, Otilia Ju\u00e1rez Castillo, reafirmaron el compromiso de la administraci\u00f3n para dar continuidad a estos proyectos, pues aseguraron que el objetivo principal es contribuir con todos los sectores de la sociedad para que obtengan los conocimientos y herramientas necesarias para su desarrollo personal.<\/p>\n","protected":false},"excerpt":{"rendered":"<p>Este d\u00eda se realiz\u00f3 la clausura del curso de Braille, donde adem\u00e1s tambi\u00e9n se impartieron clases de movilidad de bast\u00f3n y manejo de \u00e1baco El Sistema Municipal para el Desarrollo Integral de la Familia (SMDIF) del municipio de Amaxac de Guerrero, celebr\u00f3 con \u00e9xito la clausura del curso de Sistema Braille, una iniciativa que ha [&hellip;]<\/p>\n","protected":false},"author":5,"featured_media":66615,"comment_status":"open","ping_status":"open","sticky":false,"template":"","format":"standard","meta":{"footnotes":""},"categories":[265,216],"tags":[],"class_list":["post-66614","post","type-post","status-publish","format-standard","has-post-thumbnail","hentry","category-amaxac-de-guerrero","category-municipios"],"amp_enabled":true,"_links":{"self":[{"href":"https:\/\/labestiapolitica.com.mx\/index.php?rest_route=\/wp\/v2\/posts\/66614","targetHints":{"allow":["GET"]}}],"collection":[{"href":"https:\/\/labestiapolitica.com.mx\/index.php?rest_route=\/wp\/v2\/posts"}],"about":[{"href":"https:\/\/labestiapolitica.com.mx\/index.php?rest_route=\/wp\/v2\/types\/post"}],"author":[{"embeddable":true,"href":"https:\/\/labestiapolitica.com.mx\/index.php?rest_route=\/wp\/v2\/users\/5"}],"replies":[{"embeddable":true,"href":"https:\/\/labestiapolitica.com.mx\/index.php?rest_route=%2Fwp%2Fv2%2Fcomments&post=66614"}],"version-history":[{"count":1,"href":"https:\/\/labestiapolitica.com.mx\/index.php?rest_route=\/wp\/v2\/posts\/66614\/revisions"}],"predecessor-version":[{"id":66616,"href":"https:\/\/labestiapolitica.com.mx\/index.php?rest_route=\/wp\/v2\/posts\/66614\/revisions\/66616"}],"wp:featuredmedia":[{"embeddable":true,"href":"https:\/\/labestiapolitica.com.mx\/index.php?rest_route=\/wp\/v2\/media\/66615"}],"wp:attachment":[{"href":"https:\/\/labestiapolitica.com.mx\/index.php?rest_route=%2Fwp%2Fv2%2Fmedia&parent=66614"}],"wp:term":[{"taxonomy":"category","embeddable":true,"href":"https:\/\/labestiapolitica.com.mx\/index.php?rest_route=%2Fwp%2Fv2%2Fcategories&post=66614"},{"taxonomy":"post_tag","embeddable":true,"href":"https:\/\/labestiapolitica.com.mx\/index.php?rest_route=%2Fwp%2Fv2%2Ftags&post=66614"}],"curies":[{"name":"wp","href":"https:\/\/api.w.org\/{rel}","templated":true}]}}