{"id":66620,"date":"2026-03-13T17:19:22","date_gmt":"2026-03-13T23:19:22","guid":{"rendered":"https:\/\/labestiapolitica.com.mx\/?p=66620"},"modified":"2026-03-13T17:19:22","modified_gmt":"2026-03-13T23:19:22","slug":"quien-siembra-el-campo-siembra-futuro-para-tlaxcala-alfonso-sanchez-garcia","status":"publish","type":"post","link":"https:\/\/labestiapolitica.com.mx\/?p=66620","title":{"rendered":"\u00abQuien siembra el campo, siembra futuro para Tlaxcala\u00bb: Alfonso S\u00e1nchez Garc\u00eda."},"content":{"rendered":"<p style=\"text-align: justify;\">El presidente municipal de Tlaxcala, Alfonso S\u00e1nchez Garc\u00eda, fue anfitri\u00f3n del Foro Regional Campesino regi\u00f3n centro, realizado en la capital del estado y convocado por la Secretar\u00eda de Impulso Agropecuario (SIA), un espacio de di\u00e1logo donde autoridades y productores del campo intercambiaron planteamientos para fortalecer el desarrollo rural en la entidad.<\/p>\n<p style=\"text-align: justify;\">El encuentro se llev\u00f3 a cabo en Santa Mar\u00eda Acuitlapilco y fue encabezado por la titular de la SIA, Haide Gisela Lucero Zepeda, quien reuni\u00f3 a productores agropecuarios, familias campesinas, comisariados ejidales y l\u00edderes del sector rural.<\/p>\n<p style=\"text-align: justify;\">Durante su intervenci\u00f3n, Alfonso S\u00e1nchez Garc\u00eda dialog\u00f3 de manera directa con las y los asistentes y escuch\u00f3 las problem\u00e1ticas que enfrenta el sector, reconociendo los retos que viven los productores. En ese sentido, destac\u00f3 que el trabajo de las y los campesinos es fundamental para el desarrollo del estado, al se\u00f1alar que cada vez que el campo siembra, tambi\u00e9n se siembra futuro para Tlaxcala, pues de esta actividad dependen la alimentaci\u00f3n, la econom\u00eda y el bienestar de miles de familias.<\/p>\n<p style=\"text-align: justify;\">Asimismo, resalt\u00f3 las acciones que se impulsan para respaldar a las y los campesinos y fortalecer la actividad agr\u00edcola, tanto desde el Ayuntamiento de Tlaxcala como desde la Asociaci\u00f3n de Autoridades Municipales de Tlaxcala (AAMTLAX), que \u00e9l preside.<\/p>\n<p style=\"text-align: justify;\">Entre los anuncios realizados, inform\u00f3 que el Mercado Social que se lleva a cabo en la capital ampliar\u00e1 su periodicidad, pasando de realizarse un fin de semana a dos fines de semana al mes, con el objetivo de dar mayores oportunidades a productores y artesanos para ofrecer sus productos y generar ingresos.<\/p>\n<p style=\"text-align: justify;\">De igual manera, se\u00f1al\u00f3 que en el municipio de Tlaxcala se implementar\u00e1 un apoyo al campo mediante el cual 200 productores recibir\u00e1n un subsidio del 100 por ciento en semilla de ma\u00edz, adem\u00e1s de 150 kilogramos de fertilizante, con el prop\u00f3sito de fortalecer sus cosechas y contribuir a la productividad agr\u00edcola.<\/p>\n<p style=\"text-align: justify;\">S\u00e1nchez Garc\u00eda reiter\u00f3 su inter\u00e9s en respaldar programas que fortalezcan al sector agr\u00edcola, reconociendo su papel fundamental en el desarrollo econ\u00f3mico y social de las comunidades rurales del estado.<\/p>\n","protected":false},"excerpt":{"rendered":"<p>El presidente municipal de Tlaxcala, Alfonso S\u00e1nchez Garc\u00eda, fue anfitri\u00f3n del Foro Regional Campesino regi\u00f3n centro, realizado en la capital del estado y convocado por la Secretar\u00eda de Impulso Agropecuario (SIA), un espacio de di\u00e1logo donde autoridades y productores del campo intercambiaron planteamientos para fortalecer el desarrollo rural en la entidad. El encuentro se llev\u00f3 [&hellip;]<\/p>\n","protected":false},"author":5,"featured_media":66621,"comment_status":"open","ping_status":"open","sticky":false,"template":"","format":"standard","meta":{"footnotes":""},"categories":[216,214],"tags":[],"class_list":["post-66620","post","type-post","status-publish","format-standard","has-post-thumbnail","hentry","category-municipios","category-tlaxcala-capital"],"amp_enabled":true,"_links":{"self":[{"href":"https:\/\/labestiapolitica.com.mx\/index.php?rest_route=\/wp\/v2\/posts\/66620","targetHints":{"allow":["GET"]}}],"collection":[{"href":"https:\/\/labestiapolitica.com.mx\/index.php?rest_route=\/wp\/v2\/posts"}],"about":[{"href":"https:\/\/labestiapolitica.com.mx\/index.php?rest_route=\/wp\/v2\/types\/post"}],"author":[{"embeddable":true,"href":"https:\/\/labestiapolitica.com.mx\/index.php?rest_route=\/wp\/v2\/users\/5"}],"replies":[{"embeddable":true,"href":"https:\/\/labestiapolitica.com.mx\/index.php?rest_route=%2Fwp%2Fv2%2Fcomments&post=66620"}],"version-history":[{"count":1,"href":"https:\/\/labestiapolitica.com.mx\/index.php?rest_route=\/wp\/v2\/posts\/66620\/revisions"}],"predecessor-version":[{"id":66622,"href":"https:\/\/labestiapolitica.com.mx\/index.php?rest_route=\/wp\/v2\/posts\/66620\/revisions\/66622"}],"wp:featuredmedia":[{"embeddable":true,"href":"https:\/\/labestiapolitica.com.mx\/index.php?rest_route=\/wp\/v2\/media\/66621"}],"wp:attachment":[{"href":"https:\/\/labestiapolitica.com.mx\/index.php?rest_route=%2Fwp%2Fv2%2Fmedia&parent=66620"}],"wp:term":[{"taxonomy":"category","embeddable":true,"href":"https:\/\/labestiapolitica.com.mx\/index.php?rest_route=%2Fwp%2Fv2%2Fcategories&post=66620"},{"taxonomy":"post_tag","embeddable":true,"href":"https:\/\/labestiapolitica.com.mx\/index.php?rest_route=%2Fwp%2Fv2%2Ftags&post=66620"}],"curies":[{"name":"wp","href":"https:\/\/api.w.org\/{rel}","templated":true}]}}