{"id":66626,"date":"2026-03-13T17:28:31","date_gmt":"2026-03-13T23:28:31","guid":{"rendered":"https:\/\/labestiapolitica.com.mx\/?p=66626"},"modified":"2026-03-13T17:28:31","modified_gmt":"2026-03-13T23:28:31","slug":"participa-reyna-flor-baez-en-conversatorio-sobre-liderazgo-digital-de-mujeres-comunitarias","status":"publish","type":"post","link":"https:\/\/labestiapolitica.com.mx\/?p=66626","title":{"rendered":"Participa Reyna Flor B\u00e1ez en conversatorio sobre liderazgo digital de mujeres comunitarias."},"content":{"rendered":"<p style=\"font-weight: 400; text-align: justify;\">En el Patio Vitral del Congreso del Estado de Tlaxcala se llev\u00f3 a cabo el espacio de reflexi\u00f3n y aprendizaje \u201cDe lo territorial a lo digital: Mujeres l\u00edderes comunitarias\u201d, con la participaci\u00f3n de representantes de los municipios que formaron parte del proyecto \u201cParticipaci\u00f3n pol\u00edtica de las mujeres en la era digital: acciones para impulsar su liderazgo\u201d.<\/p>\n<p style=\"font-weight: 400; text-align: justify;\">En su mensaje de bienvenida, la diputada Reyna Flor B\u00e1ez Lozano, integrante de la LXV Legislatura, destac\u00f3 la importancia de fortalecer el liderazgo de las mujeres desde las comunidades y trasladarlo tambi\u00e9n al \u00e1mbito digital. Se\u00f1al\u00f3 que en un mundo cada vez m\u00e1s conectado, las herramientas tecnol\u00f3gicas representan una oportunidad para amplificar la voz de las mujeres, visibilizar las causas que defienden y consolidar liderazgos que nacen desde el territorio. \u201cLa tecnolog\u00eda no sustituye el trabajo que ustedes realizan todos los d\u00edas escuchando, organizando y construyendo comunidad; lo potencia\u201d, expres\u00f3, al reconocer que las mujeres l\u00edderes comunitarias son una fuerza transformadora para el pa\u00eds.<\/p>\n<p style=\"font-weight: 400; text-align: justify;\">Durante el conversatorio, conducido por la Mtra. Tella Rom\u00e1n Cuevas, socia fundadora y directora general del Instituto Integral de Formaci\u00f3n Pol\u00edtica y Empoderamiento de Mujeres, explic\u00f3 que en las comunidades se encontraron mujeres l\u00edderes territoriales, trabajadoras, valientes y comprometidas con sus municipios, logrando capacitar a casi 200 mujeres provenientes de m\u00e1s de 80 comunidades, tanto de sistemas de usos y costumbres como del sistema partidista.<\/p>\n<p style=\"font-weight: 400; text-align: justify;\">No obstante, se\u00f1al\u00f3 que tambi\u00e9n persisten estigmas que buscan limitar la participaci\u00f3n pol\u00edtica de las mujeres, al reproducir la idea de que no est\u00e1n hechas para gobernar. Subray\u00f3 que enfrentar prejuicios, estereotipos y discriminaci\u00f3n implica persistencia, resistencia y resiliencia cotidiana, ya que estos estigmas buscan restringir derechos y desalentar la participaci\u00f3n femenina mediante descalificaciones, exclusi\u00f3n y cr\u00edticas constantes.<\/p>\n<p style=\"font-weight: 400; text-align: justify;\">Por su parte, la presidenta de la Comisi\u00f3n Estatal de Derechos Humanos de Tlaxcala, Jakqueline Ord\u00f3\u00f1ez Brasdefer, afirm\u00f3 que promover y defender los derechos humanos tambi\u00e9n implica generar condiciones reales para que las mujeres ejerzan plenamente su ciudadan\u00eda y participen en la vida p\u00fablica. Destac\u00f3 que cuando las mujeres intervienen en los espacios de decisi\u00f3n, la vida p\u00fablica se vuelve m\u00e1s justa, la democracia m\u00e1s humana y verdaderamente representativa.<\/p>\n<p style=\"font-weight: 400; text-align: justify;\">En el encuentro participaron mujeres de los municipios y comunidades de Calpulalpan, Chiautempan, Espa\u00f1ita, Ixtacuixtla, Contla, Huamantla y Nativitas, quienes compartieron los aprendizajes adquiridos y los obst\u00e1culos que enfrentan para acceder a espacios de toma de decisiones, as\u00ed como el potencial de las redes sociales para fortalecer su liderazgo y promover que m\u00e1s mujeres participen en la vida p\u00fablica de sus comunidades y participaron autoridades del INE, PNUD M\u00e9xico, del Instituto Integral de Formaci\u00f3n Pol\u00edtica y Empoderamiento de Mujeres.<\/p>\n","protected":false},"excerpt":{"rendered":"<p>En el Patio Vitral del Congreso del Estado de Tlaxcala se llev\u00f3 a cabo el espacio de reflexi\u00f3n y aprendizaje \u201cDe lo territorial a lo digital: Mujeres l\u00edderes comunitarias\u201d, con la participaci\u00f3n de representantes de los municipios que formaron parte del proyecto \u201cParticipaci\u00f3n pol\u00edtica de las mujeres en la era digital: acciones para impulsar su [&hellip;]<\/p>\n","protected":false},"author":5,"featured_media":66628,"comment_status":"open","ping_status":"open","sticky":false,"template":"","format":"standard","meta":{"footnotes":""},"categories":[224,247],"tags":[],"class_list":["post-66626","post","type-post","status-publish","format-standard","has-post-thumbnail","hentry","category-congreso-del-estado-de-tlaxcala","category-politica"],"amp_enabled":true,"_links":{"self":[{"href":"https:\/\/labestiapolitica.com.mx\/index.php?rest_route=\/wp\/v2\/posts\/66626","targetHints":{"allow":["GET"]}}],"collection":[{"href":"https:\/\/labestiapolitica.com.mx\/index.php?rest_route=\/wp\/v2\/posts"}],"about":[{"href":"https:\/\/labestiapolitica.com.mx\/index.php?rest_route=\/wp\/v2\/types\/post"}],"author":[{"embeddable":true,"href":"https:\/\/labestiapolitica.com.mx\/index.php?rest_route=\/wp\/v2\/users\/5"}],"replies":[{"embeddable":true,"href":"https:\/\/labestiapolitica.com.mx\/index.php?rest_route=%2Fwp%2Fv2%2Fcomments&post=66626"}],"version-history":[{"count":1,"href":"https:\/\/labestiapolitica.com.mx\/index.php?rest_route=\/wp\/v2\/posts\/66626\/revisions"}],"predecessor-version":[{"id":66629,"href":"https:\/\/labestiapolitica.com.mx\/index.php?rest_route=\/wp\/v2\/posts\/66626\/revisions\/66629"}],"wp:featuredmedia":[{"embeddable":true,"href":"https:\/\/labestiapolitica.com.mx\/index.php?rest_route=\/wp\/v2\/media\/66628"}],"wp:attachment":[{"href":"https:\/\/labestiapolitica.com.mx\/index.php?rest_route=%2Fwp%2Fv2%2Fmedia&parent=66626"}],"wp:term":[{"taxonomy":"category","embeddable":true,"href":"https:\/\/labestiapolitica.com.mx\/index.php?rest_route=%2Fwp%2Fv2%2Fcategories&post=66626"},{"taxonomy":"post_tag","embeddable":true,"href":"https:\/\/labestiapolitica.com.mx\/index.php?rest_route=%2Fwp%2Fv2%2Ftags&post=66626"}],"curies":[{"name":"wp","href":"https:\/\/api.w.org\/{rel}","templated":true}]}}