{"id":66630,"date":"2026-03-13T17:36:34","date_gmt":"2026-03-13T23:36:34","guid":{"rendered":"https:\/\/labestiapolitica.com.mx\/?p=66630"},"modified":"2026-03-13T17:36:40","modified_gmt":"2026-03-13T23:36:40","slug":"presenta-sepe-uset-protocolo-para-la-erradicacion-de-la-violencia-sexual-en-educacion-basica","status":"publish","type":"post","link":"https:\/\/labestiapolitica.com.mx\/?p=66630","title":{"rendered":"Presenta SEPE-USET protocolo para la erradicaci\u00f3n de la violencia sexual en educaci\u00f3n b\u00e1sica."},"content":{"rendered":"<ul>\n<li style=\"text-align: justify;\">El documento se alinea con la estrategia estatal impulsada por el gobierno de Lorena Cu\u00e9llar Cisneros para garantizar entornos escolares seguros para ni\u00f1as, ni\u00f1os y adolescentes_<\/li>\n<\/ul>\n<p style=\"text-align: justify;\">En alineaci\u00f3n con la estrategia estatal del gobierno que encabeza Lorena Cu\u00e9llar para garantizar entornos seguros y garantizar la protecci\u00f3n del inter\u00e9s superior de la ni\u00f1ez y la perspectiva de g\u00e9nero, el secretario de Educaci\u00f3n en el estado, Homero Meneses Hern\u00e1ndez, present\u00f3 el Protocolo para la Erradicaci\u00f3n de la Violencia Sexual en la Educaci\u00f3n B\u00e1sica \u201cTlaxcala: Un compromiso firme con la seguridad y dignidad de las ni\u00f1as y adolescentes\u201d.<\/p>\n<p style=\"text-align: justify;\">Este viernes, durante su participaci\u00f3n en el Di\u00e1logo Circular realizado en el Auditorio \u201cTrinidad S\u00e1nchez Santos\u201d de la Coordinaci\u00f3n de Comunicaci\u00f3n, el funcionario estatal sostuvo que su implementaci\u00f3n ser\u00e1 obligatoria en todas las escuelas p\u00fablicas y privadas de Tlaxcala.<\/p>\n<p style=\"text-align: justify;\">\u201cLo que buscamos es identificar las brechas para la eliminaci\u00f3n de estereotipos sexistas y modelos de desigualdad en el aula, el empoderamiento como promoci\u00f3n de acceso igualitario a la educaci\u00f3n y desarrollo libre de prejuicios, y espacios seguros en protocolos que garanticen a las ni\u00f1as que puedan estudiar sin temor a la violencia o la discriminaci\u00f3n\u201d, destac\u00f3.<\/p>\n<p style=\"text-align: justify;\">Meneses Hern\u00e1ndez se\u00f1al\u00f3 que, a trav\u00e9s de este mecanismo, el cual est\u00e1 alineado con la Ley General de Acceso de las Mujeres a una Vida Libre de Violencia, as\u00ed como con los protocolos impulsados por el Gobierno de M\u00e9xico, a trav\u00e9s de la Secretar\u00eda de Educaci\u00f3n P\u00fablica (SEP), se busca la detecci\u00f3n, actuaci\u00f3n, notificaci\u00f3n, canalizaci\u00f3n, para evitar la revictimizaci\u00f3n de las ni\u00f1as y adolescentes, mediante un trabajo interinstitucional y con la participaci\u00f3n de docentes y padres de familia.<\/p>\n<p style=\"text-align: justify;\">\u201cTenemos una coordinaci\u00f3n directa con la Secretar\u00eda de las Mujeres y el Sipinna para la canalizaci\u00f3n inmediata a servicios de salud y asistencia jur\u00eddica especializada, as\u00ed como corresponsabilidad, vinculaci\u00f3n estrecha entre familias, escuelas y la autoridad, en especial\u201d, dijo.<\/p>\n<p style=\"text-align: justify;\">Afirm\u00f3 que Tlaxcala avanza en la consolidaci\u00f3n de mecanismos de seguimiento y transparencia en cada caso que es atendido, a trav\u00e9s de herramientas como el Banco Nacional de Datos e Informaci\u00f3n sobre Casos de Violencia contra las Mujeres (Banavim).<\/p>\n<p style=\"text-align: justify;\">Expuso que, en 2022, la Secretar\u00eda dio de baja definitiva a seis docentes se\u00f1alados por acoso, misma cifra registrada en 2023; mientras que, en 2024, se reportaron cuatro casos; en 2025, cinco y, en lo que va de 2026, un caso, adem\u00e1s de tres m\u00e1s que se encuentran en proceso de investigaci\u00f3n, uno de ellos derivado de una denuncia an\u00f3nima a trav\u00e9s del n\u00famero de emergencias 911 del C5i.<\/p>\n<p style=\"text-align: justify;\">Finalmente, coment\u00f3 que, a trav\u00e9s de estas acciones, el Gobierno del Estado reafirma su compromiso con seguir fortaleciendo los mecanismos de prevenci\u00f3n, atenci\u00f3n y seguimiento, con el prop\u00f3sito de garantizar que, en Tlaxcala, la educaci\u00f3n sea el camino hacia la paz y la igualdad.<\/p>\n","protected":false},"excerpt":{"rendered":"<p>El documento se alinea con la estrategia estatal impulsada por el gobierno de Lorena Cu\u00e9llar Cisneros para garantizar entornos escolares seguros para ni\u00f1as, ni\u00f1os y adolescentes_ En alineaci\u00f3n con la estrategia estatal del gobierno que encabeza Lorena Cu\u00e9llar para garantizar entornos seguros y garantizar la protecci\u00f3n del inter\u00e9s superior de la ni\u00f1ez y la perspectiva [&hellip;]<\/p>\n","protected":false},"author":5,"featured_media":66631,"comment_status":"open","ping_status":"open","sticky":false,"template":"","format":"standard","meta":{"footnotes":""},"categories":[12,236],"tags":[],"class_list":["post-66630","post","type-post","status-publish","format-standard","has-post-thumbnail","hentry","category-brujula-2026","category-gobierno-de-tlaxcala"],"amp_enabled":true,"_links":{"self":[{"href":"https:\/\/labestiapolitica.com.mx\/index.php?rest_route=\/wp\/v2\/posts\/66630","targetHints":{"allow":["GET"]}}],"collection":[{"href":"https:\/\/labestiapolitica.com.mx\/index.php?rest_route=\/wp\/v2\/posts"}],"about":[{"href":"https:\/\/labestiapolitica.com.mx\/index.php?rest_route=\/wp\/v2\/types\/post"}],"author":[{"embeddable":true,"href":"https:\/\/labestiapolitica.com.mx\/index.php?rest_route=\/wp\/v2\/users\/5"}],"replies":[{"embeddable":true,"href":"https:\/\/labestiapolitica.com.mx\/index.php?rest_route=%2Fwp%2Fv2%2Fcomments&post=66630"}],"version-history":[{"count":1,"href":"https:\/\/labestiapolitica.com.mx\/index.php?rest_route=\/wp\/v2\/posts\/66630\/revisions"}],"predecessor-version":[{"id":66632,"href":"https:\/\/labestiapolitica.com.mx\/index.php?rest_route=\/wp\/v2\/posts\/66630\/revisions\/66632"}],"wp:featuredmedia":[{"embeddable":true,"href":"https:\/\/labestiapolitica.com.mx\/index.php?rest_route=\/wp\/v2\/media\/66631"}],"wp:attachment":[{"href":"https:\/\/labestiapolitica.com.mx\/index.php?rest_route=%2Fwp%2Fv2%2Fmedia&parent=66630"}],"wp:term":[{"taxonomy":"category","embeddable":true,"href":"https:\/\/labestiapolitica.com.mx\/index.php?rest_route=%2Fwp%2Fv2%2Fcategories&post=66630"},{"taxonomy":"post_tag","embeddable":true,"href":"https:\/\/labestiapolitica.com.mx\/index.php?rest_route=%2Fwp%2Fv2%2Ftags&post=66630"}],"curies":[{"name":"wp","href":"https:\/\/api.w.org\/{rel}","templated":true}]}}