{"id":66636,"date":"2026-03-13T18:10:37","date_gmt":"2026-03-14T00:10:37","guid":{"rendered":"https:\/\/labestiapolitica.com.mx\/?p=66636"},"modified":"2026-03-13T18:10:37","modified_gmt":"2026-03-14T00:10:37","slug":"se-suma-gobernadora-lorena-cuellar-pronunciamiento-nacional-para-fortalecer-la-democracia","status":"publish","type":"post","link":"https:\/\/labestiapolitica.com.mx\/?p=66636","title":{"rendered":"Se suma Gobernadora Lorena Cu\u00e9llar pronunciamiento nacional para fortalecer la democracia."},"content":{"rendered":"<ul>\n<li style=\"text-align: justify;\">Gobernadoras y gobernadores de la Cuarta Transformaci\u00f3n respaldan el Plan B de la presidenta Claudia Sheinbaum<\/li>\n<\/ul>\n<p style=\"text-align: justify;\">La gobernadora de Tlaxcala, Lorena Cu\u00e9llar Cisneros, junto con las y los mandatarios estatales emanados del movimiento de la Cuarta Transformaci\u00f3n, manifestaron su respaldo firme al Plan B impulsado por la presidenta de M\u00e9xico, Claudia Sheinbaum Pardo, como parte de una estrategia para fortalecer la democracia y garantizar el uso responsable de los recursos p\u00fablicos.<\/p>\n<p style=\"text-align: justify;\">A trav\u00e9s de un pronunciamiento conjunto emitido este viernes 13 de marzo de 2026, las y los gobernadores destacaron que esta iniciativa responde al mandato popular de mejorar el funcionamiento de las instituciones electorales, reducir excesos burocr\u00e1ticos y acercar el sistema democr\u00e1tico a la ciudadan\u00eda.<\/p>\n<p style=\"text-align: justify;\">En el documento, las y los mandatarios subrayaron que M\u00e9xico vive un momento de consolidaci\u00f3n democr\u00e1tica, por lo que resulta necesario modernizar las estructuras administrativas que durante d\u00e9cadas operaron con altos costos y alejadas de las necesidades de la poblaci\u00f3n.<\/p>\n<p style=\"text-align: justify;\">Asimismo, se\u00f1alaron que el Plan B representa una oportunidad hist\u00f3rica para hacer m\u00e1s eficiente, austero y cercano a la gente el sistema electoral, garantizando que los recursos p\u00fablicos se utilicen con responsabilidad y en beneficio del pueblo de M\u00e9xico.<\/p>\n<p style=\"text-align: justify;\">Las y los gobernadores indicaron que la iniciativa tambi\u00e9n busca optimizar el funcionamiento de las instituciones electorales, eliminar gastos innecesarios y reafirmar que la democracia debe servir al inter\u00e9s p\u00fablico y no a privilegios de unos cuantos.<\/p>\n<p style=\"text-align: justify;\">Cu\u00e9llar Cisneros reiter\u00f3 su compromiso con los principios que dieron origen al movimiento de transformaci\u00f3n del pa\u00eds, entre ellos, la honestidad en el servicio p\u00fablico, la austeridad republicana, la justicia social y la participaci\u00f3n ciudadana.<\/p>\n<p style=\"text-align: justify;\">Finalmente, las y los mandatarios estatales coincidieron en que M\u00e9xico atraviesa una etapa de transformaci\u00f3n y consolidaci\u00f3n democr\u00e1tica, en la que el fortalecimiento de las instituciones y la voluntad popular deben seguir siendo el eje rector de la vida p\u00fablica del pa\u00eds.<\/p>\n","protected":false},"excerpt":{"rendered":"<p>Gobernadoras y gobernadores de la Cuarta Transformaci\u00f3n respaldan el Plan B de la presidenta Claudia Sheinbaum La gobernadora de Tlaxcala, Lorena Cu\u00e9llar Cisneros, junto con las y los mandatarios estatales emanados del movimiento de la Cuarta Transformaci\u00f3n, manifestaron su respaldo firme al Plan B impulsado por la presidenta de M\u00e9xico, Claudia Sheinbaum Pardo, como parte [&hellip;]<\/p>\n","protected":false},"author":5,"featured_media":66599,"comment_status":"open","ping_status":"open","sticky":false,"template":"","format":"standard","meta":{"footnotes":""},"categories":[236],"tags":[],"class_list":["post-66636","post","type-post","status-publish","format-standard","has-post-thumbnail","hentry","category-gobierno-de-tlaxcala"],"amp_enabled":true,"_links":{"self":[{"href":"https:\/\/labestiapolitica.com.mx\/index.php?rest_route=\/wp\/v2\/posts\/66636","targetHints":{"allow":["GET"]}}],"collection":[{"href":"https:\/\/labestiapolitica.com.mx\/index.php?rest_route=\/wp\/v2\/posts"}],"about":[{"href":"https:\/\/labestiapolitica.com.mx\/index.php?rest_route=\/wp\/v2\/types\/post"}],"author":[{"embeddable":true,"href":"https:\/\/labestiapolitica.com.mx\/index.php?rest_route=\/wp\/v2\/users\/5"}],"replies":[{"embeddable":true,"href":"https:\/\/labestiapolitica.com.mx\/index.php?rest_route=%2Fwp%2Fv2%2Fcomments&post=66636"}],"version-history":[{"count":1,"href":"https:\/\/labestiapolitica.com.mx\/index.php?rest_route=\/wp\/v2\/posts\/66636\/revisions"}],"predecessor-version":[{"id":66637,"href":"https:\/\/labestiapolitica.com.mx\/index.php?rest_route=\/wp\/v2\/posts\/66636\/revisions\/66637"}],"wp:featuredmedia":[{"embeddable":true,"href":"https:\/\/labestiapolitica.com.mx\/index.php?rest_route=\/wp\/v2\/media\/66599"}],"wp:attachment":[{"href":"https:\/\/labestiapolitica.com.mx\/index.php?rest_route=%2Fwp%2Fv2%2Fmedia&parent=66636"}],"wp:term":[{"taxonomy":"category","embeddable":true,"href":"https:\/\/labestiapolitica.com.mx\/index.php?rest_route=%2Fwp%2Fv2%2Fcategories&post=66636"},{"taxonomy":"post_tag","embeddable":true,"href":"https:\/\/labestiapolitica.com.mx\/index.php?rest_route=%2Fwp%2Fv2%2Ftags&post=66636"}],"curies":[{"name":"wp","href":"https:\/\/api.w.org\/{rel}","templated":true}]}}