{"id":66644,"date":"2026-03-13T18:18:06","date_gmt":"2026-03-14T00:18:06","guid":{"rendered":"https:\/\/labestiapolitica.com.mx\/?p=66644"},"modified":"2026-03-13T18:18:06","modified_gmt":"2026-03-14T00:18:06","slug":"gobernadora-lorena-cuellar-inaugura-rehabilitacion-del-panteon-municipal-de-zacualpan","status":"publish","type":"post","link":"https:\/\/labestiapolitica.com.mx\/?p=66644","title":{"rendered":"Gobernadora Lorena Cu\u00e9llar inaugura rehabilitaci\u00f3n del pante\u00f3n municipal de Zacualpan."},"content":{"rendered":"<ul>\n<li style=\"text-align: justify;\">Con una inversi\u00f3n conjunta de 3.58 millones de pesos, el Gobierno del Estado y el Ayuntamiento rehabilitaron el pante\u00f3n municipal mediante el programa \u201cPeso a Peso\u201d, beneficiando a m\u00e1s de 4 mil habitantes<\/li>\n<\/ul>\n<p style=\"text-align: justify;\">La gobernadora Lorena Cu\u00e9llar Cisneros encabez\u00f3 la inauguraci\u00f3n de las obras de rehabilitaci\u00f3n del pante\u00f3n municipal de San Jer\u00f3nimo Zacualpan, proyecto realizado a trav\u00e9s del programa \u201cPeso a Peso\u201d con una inversi\u00f3n total de 3 millones 580 mil pesos, aportados de manera conjunta por el Gobierno del Estado y el Ayuntamiento.<\/p>\n<p style=\"text-align: justify;\">Durante el evento, la mandataria estatal, acompa\u00f1ada por la presidenta municipal de Zacualpan, Sandra Corona Padilla, y el secretario de Infraestructura, Eduardo Rub\u00e9n Hern\u00e1ndez Tapia, recorrieron las \u00e1reas rehabilitadas del pante\u00f3n y destacaron que esta obra mejora un espacio de gran significado para la comunidad y fortalece la infraestructura p\u00fablica del municipio.<\/p>\n<p style=\"text-align: justify;\">La rehabilitaci\u00f3n del pante\u00f3n municipal beneficiar\u00e1 directamente a 4 mil 92 habitantes del municipio y forma parte de las acciones impulsadas a trav\u00e9s del esquema de colaboraci\u00f3n entre el estado y los ayuntamientos, el cual permite ejecutar obras de impacto social mediante la suma de recursos estatales y municipales.<\/p>\n<p style=\"text-align: justify;\">La obra contempl\u00f3 trabajos de nivelaci\u00f3n del terreno, construcci\u00f3n de un muro de contenci\u00f3n y el dise\u00f1o de una capilla con techumbre, adem\u00e1s de la edificaci\u00f3n de la barda perimetral, escaleras, un pasillo central y dos estanques para almacenamiento de agua, infraestructura que anteriormente no exist\u00eda en el lugar.<\/p>\n<p style=\"text-align: justify;\">Tambi\u00e9n se construy\u00f3 un obelisco que permite mejorar la circulaci\u00f3n y retorno de veh\u00edculos al interior del recinto.<\/p>\n<p style=\"text-align: justify;\">La presidenta municipal Sandra Corona Padilla destac\u00f3 que estas acciones representan un avance importante para dignificar este espacio p\u00fablico y adelant\u00f3 que el Ayuntamiento proyecta continuar con el mejoramiento del lugar, incluyendo la construcci\u00f3n de sanitarios para brindar mejores servicios a la poblaci\u00f3n.<\/p>\n<p style=\"text-align: justify;\">De esta manera, el Gobierno del Estado y los ayuntamientos contin\u00faan sumando esfuerzos para realizar obras que responden a las necesidades de la poblaci\u00f3n y contribuyen a mejorar la calidad de vida de las familias tlaxcaltecas.<\/p>\n","protected":false},"excerpt":{"rendered":"<p>Con una inversi\u00f3n conjunta de 3.58 millones de pesos, el Gobierno del Estado y el Ayuntamiento rehabilitaron el pante\u00f3n municipal mediante el programa \u201cPeso a Peso\u201d, beneficiando a m\u00e1s de 4 mil habitantes La gobernadora Lorena Cu\u00e9llar Cisneros encabez\u00f3 la inauguraci\u00f3n de las obras de rehabilitaci\u00f3n del pante\u00f3n municipal de San Jer\u00f3nimo Zacualpan, proyecto realizado [&hellip;]<\/p>\n","protected":false},"author":5,"featured_media":66645,"comment_status":"open","ping_status":"open","sticky":false,"template":"","format":"standard","meta":{"footnotes":""},"categories":[7,236],"tags":[],"class_list":["post-66644","post","type-post","status-publish","format-standard","has-post-thumbnail","hentry","category-ciudadanos","category-gobierno-de-tlaxcala"],"amp_enabled":true,"_links":{"self":[{"href":"https:\/\/labestiapolitica.com.mx\/index.php?rest_route=\/wp\/v2\/posts\/66644","targetHints":{"allow":["GET"]}}],"collection":[{"href":"https:\/\/labestiapolitica.com.mx\/index.php?rest_route=\/wp\/v2\/posts"}],"about":[{"href":"https:\/\/labestiapolitica.com.mx\/index.php?rest_route=\/wp\/v2\/types\/post"}],"author":[{"embeddable":true,"href":"https:\/\/labestiapolitica.com.mx\/index.php?rest_route=\/wp\/v2\/users\/5"}],"replies":[{"embeddable":true,"href":"https:\/\/labestiapolitica.com.mx\/index.php?rest_route=%2Fwp%2Fv2%2Fcomments&post=66644"}],"version-history":[{"count":1,"href":"https:\/\/labestiapolitica.com.mx\/index.php?rest_route=\/wp\/v2\/posts\/66644\/revisions"}],"predecessor-version":[{"id":66646,"href":"https:\/\/labestiapolitica.com.mx\/index.php?rest_route=\/wp\/v2\/posts\/66644\/revisions\/66646"}],"wp:featuredmedia":[{"embeddable":true,"href":"https:\/\/labestiapolitica.com.mx\/index.php?rest_route=\/wp\/v2\/media\/66645"}],"wp:attachment":[{"href":"https:\/\/labestiapolitica.com.mx\/index.php?rest_route=%2Fwp%2Fv2%2Fmedia&parent=66644"}],"wp:term":[{"taxonomy":"category","embeddable":true,"href":"https:\/\/labestiapolitica.com.mx\/index.php?rest_route=%2Fwp%2Fv2%2Fcategories&post=66644"},{"taxonomy":"post_tag","embeddable":true,"href":"https:\/\/labestiapolitica.com.mx\/index.php?rest_route=%2Fwp%2Fv2%2Ftags&post=66644"}],"curies":[{"name":"wp","href":"https:\/\/api.w.org\/{rel}","templated":true}]}}