{"id":66654,"date":"2026-03-13T19:15:06","date_gmt":"2026-03-14T01:15:06","guid":{"rendered":"https:\/\/labestiapolitica.com.mx\/?p=66654"},"modified":"2026-03-13T19:15:06","modified_gmt":"2026-03-14T01:15:06","slug":"amaxac-de-guerrero-busca-convertirse-en-sede-de-oficinas-del-registro-agrario-nacional-en-tlaxcala","status":"publish","type":"post","link":"https:\/\/labestiapolitica.com.mx\/?p=66654","title":{"rendered":"Amaxac de Guerrero busca convertirse en sede de oficinas del Registro Agrario Nacional en Tlaxcala."},"content":{"rendered":"<p class=\"isSelectedEnd\" style=\"text-align: justify;\">El presidente municipal de Amaxac de Guerrero, Mauricio Pozos Casta\u00f1\u00f3n, recibi\u00f3 al titular del Registro Agrario Nacional en Tlaxcala, Jes\u00fas Rolando P\u00e9rez Saavedra, quien atiende a m\u00e1s de 43 mil personas ejidatarias, 225 comuneras y comuneros, 6 mil 347 personas posesionarias y 2 mil 490 avecindadas y avecindados en la entidad.<\/p>\n<p class=\"isSelectedEnd\" style=\"text-align: justify;\">Durante la visita se supervisaron espacios municipales como la hist\u00f3rica Casa de Piedra y la cancha de F\u00fatbol 7 ubicada en el barrio de La Frontera, con el objetivo de evaluar la posibilidad de establecer un comodato para que las oficinas y el archivo del Registro Agrario Nacional se instalen en el municipio.<\/p>\n<p class=\"isSelectedEnd\" style=\"text-align: justify;\">De concretarse este proyecto, se generar\u00e1n diversos beneficios para Amaxac de Guerrero, entre ellos una mayor din\u00e1mica social al recibir a ciudadanos de todo el estado para la realizaci\u00f3n de tr\u00e1mites, as\u00ed como un impulso a la econom\u00eda local mediante la derrama econ\u00f3mica que generar\u00e1 la llegada de visitantes.<\/p>\n<p class=\"isSelectedEnd\" style=\"text-align: justify;\">Asimismo, se contempla el rescate y aprovechamiento de inmuebles propiedad del ayuntamiento, d\u00e1ndoles una nueva utilidad en beneficio de la ciudadan\u00eda.<\/p>\n<p style=\"text-align: justify;\">Con estas acciones, el Gobierno Municipal contin\u00faa trabajando para impulsar el desarrollo y crecimiento de Amaxac de Guerrero.<\/p>\n","protected":false},"excerpt":{"rendered":"<p>El presidente municipal de Amaxac de Guerrero, Mauricio Pozos Casta\u00f1\u00f3n, recibi\u00f3 al titular del Registro Agrario Nacional en Tlaxcala, Jes\u00fas Rolando P\u00e9rez Saavedra, quien atiende a m\u00e1s de 43 mil personas ejidatarias, 225 comuneras y comuneros, 6 mil 347 personas posesionarias y 2 mil 490 avecindadas y avecindados en la entidad. Durante la visita se [&hellip;]<\/p>\n","protected":false},"author":5,"featured_media":66655,"comment_status":"open","ping_status":"open","sticky":false,"template":"","format":"standard","meta":{"footnotes":""},"categories":[265,216],"tags":[],"class_list":["post-66654","post","type-post","status-publish","format-standard","has-post-thumbnail","hentry","category-amaxac-de-guerrero","category-municipios"],"amp_enabled":true,"_links":{"self":[{"href":"https:\/\/labestiapolitica.com.mx\/index.php?rest_route=\/wp\/v2\/posts\/66654","targetHints":{"allow":["GET"]}}],"collection":[{"href":"https:\/\/labestiapolitica.com.mx\/index.php?rest_route=\/wp\/v2\/posts"}],"about":[{"href":"https:\/\/labestiapolitica.com.mx\/index.php?rest_route=\/wp\/v2\/types\/post"}],"author":[{"embeddable":true,"href":"https:\/\/labestiapolitica.com.mx\/index.php?rest_route=\/wp\/v2\/users\/5"}],"replies":[{"embeddable":true,"href":"https:\/\/labestiapolitica.com.mx\/index.php?rest_route=%2Fwp%2Fv2%2Fcomments&post=66654"}],"version-history":[{"count":1,"href":"https:\/\/labestiapolitica.com.mx\/index.php?rest_route=\/wp\/v2\/posts\/66654\/revisions"}],"predecessor-version":[{"id":66656,"href":"https:\/\/labestiapolitica.com.mx\/index.php?rest_route=\/wp\/v2\/posts\/66654\/revisions\/66656"}],"wp:featuredmedia":[{"embeddable":true,"href":"https:\/\/labestiapolitica.com.mx\/index.php?rest_route=\/wp\/v2\/media\/66655"}],"wp:attachment":[{"href":"https:\/\/labestiapolitica.com.mx\/index.php?rest_route=%2Fwp%2Fv2%2Fmedia&parent=66654"}],"wp:term":[{"taxonomy":"category","embeddable":true,"href":"https:\/\/labestiapolitica.com.mx\/index.php?rest_route=%2Fwp%2Fv2%2Fcategories&post=66654"},{"taxonomy":"post_tag","embeddable":true,"href":"https:\/\/labestiapolitica.com.mx\/index.php?rest_route=%2Fwp%2Fv2%2Ftags&post=66654"}],"curies":[{"name":"wp","href":"https:\/\/api.w.org\/{rel}","templated":true}]}}