{"id":66657,"date":"2026-03-13T19:18:23","date_gmt":"2026-03-14T01:18:23","guid":{"rendered":"https:\/\/labestiapolitica.com.mx\/?p=66657"},"modified":"2026-03-13T19:18:23","modified_gmt":"2026-03-14T01:18:23","slug":"invita-ayuntamiento-de-amaxac-de-guerrero-al-bazar-nocturno-edicion-primavera","status":"publish","type":"post","link":"https:\/\/labestiapolitica.com.mx\/?p=66657","title":{"rendered":"Invita Ayuntamiento de Amaxac de Guerrero al Bazar Nocturno \u201cEdici\u00f3n Primavera\u201d."},"content":{"rendered":"<p class=\"isSelectedEnd\" style=\"text-align: justify;\">El Ayuntamiento de Amaxac de Guerrero, que preside el alcalde Mauricio Pozos Casta\u00f1\u00f3n, extiende una cordial invitaci\u00f3n a la ciudadan\u00eda y a visitantes para asistir al Bazar Nocturno \u201cEdici\u00f3n Primavera\u201d.<\/p>\n<p class=\"isSelectedEnd\" style=\"text-align: justify;\">Este evento, que se ha consolidado como un punto de encuentro para el fomento del comercio local y la sana convivencia, se llevar\u00e1 a cabo el s\u00e1bado 14 de marzo, en un horario de 18:00 a 22:00 horas, en la explanada municipal.<\/p>\n<p class=\"isSelectedEnd\" style=\"text-align: justify;\">Las y los asistentes podr\u00e1n disfrutar de una amplia oferta comercial con la participaci\u00f3n de m\u00e1s de 50 comercios e integrantes del Mercado Alternativo, quienes ofrecer\u00e1n una gran variedad de productos.<\/p>\n<p class=\"isSelectedEnd\" style=\"text-align: justify;\">El programa tambi\u00e9n contempla diversas actividades culturales y art\u00edsticas, entre ellas m\u00fasica en vivo para amenizar la velada, as\u00ed como muestras y presentaciones a cargo de estudiantes de la Licenciatura en Turismo Internacional de la Facultad de Ciencias Econ\u00f3mico-Administrativas de la Universidad Aut\u00f3noma de Tlaxcala.<\/p>\n<p style=\"text-align: justify;\">El Gobierno Municipal invita a las familias a ser parte de esta experiencia, apoyando el talento y la creatividad de las y los emprendedores y artesanos del municipio.<\/p>\n","protected":false},"excerpt":{"rendered":"<p>El Ayuntamiento de Amaxac de Guerrero, que preside el alcalde Mauricio Pozos Casta\u00f1\u00f3n, extiende una cordial invitaci\u00f3n a la ciudadan\u00eda y a visitantes para asistir al Bazar Nocturno \u201cEdici\u00f3n Primavera\u201d. Este evento, que se ha consolidado como un punto de encuentro para el fomento del comercio local y la sana convivencia, se llevar\u00e1 a cabo [&hellip;]<\/p>\n","protected":false},"author":5,"featured_media":66658,"comment_status":"open","ping_status":"open","sticky":false,"template":"","format":"standard","meta":{"footnotes":""},"categories":[265,216],"tags":[],"class_list":["post-66657","post","type-post","status-publish","format-standard","has-post-thumbnail","hentry","category-amaxac-de-guerrero","category-municipios"],"amp_enabled":true,"_links":{"self":[{"href":"https:\/\/labestiapolitica.com.mx\/index.php?rest_route=\/wp\/v2\/posts\/66657","targetHints":{"allow":["GET"]}}],"collection":[{"href":"https:\/\/labestiapolitica.com.mx\/index.php?rest_route=\/wp\/v2\/posts"}],"about":[{"href":"https:\/\/labestiapolitica.com.mx\/index.php?rest_route=\/wp\/v2\/types\/post"}],"author":[{"embeddable":true,"href":"https:\/\/labestiapolitica.com.mx\/index.php?rest_route=\/wp\/v2\/users\/5"}],"replies":[{"embeddable":true,"href":"https:\/\/labestiapolitica.com.mx\/index.php?rest_route=%2Fwp%2Fv2%2Fcomments&post=66657"}],"version-history":[{"count":1,"href":"https:\/\/labestiapolitica.com.mx\/index.php?rest_route=\/wp\/v2\/posts\/66657\/revisions"}],"predecessor-version":[{"id":66659,"href":"https:\/\/labestiapolitica.com.mx\/index.php?rest_route=\/wp\/v2\/posts\/66657\/revisions\/66659"}],"wp:featuredmedia":[{"embeddable":true,"href":"https:\/\/labestiapolitica.com.mx\/index.php?rest_route=\/wp\/v2\/media\/66658"}],"wp:attachment":[{"href":"https:\/\/labestiapolitica.com.mx\/index.php?rest_route=%2Fwp%2Fv2%2Fmedia&parent=66657"}],"wp:term":[{"taxonomy":"category","embeddable":true,"href":"https:\/\/labestiapolitica.com.mx\/index.php?rest_route=%2Fwp%2Fv2%2Fcategories&post=66657"},{"taxonomy":"post_tag","embeddable":true,"href":"https:\/\/labestiapolitica.com.mx\/index.php?rest_route=%2Fwp%2Fv2%2Ftags&post=66657"}],"curies":[{"name":"wp","href":"https:\/\/api.w.org\/{rel}","templated":true}]}}