{"id":66660,"date":"2026-03-13T19:33:12","date_gmt":"2026-03-14T01:33:12","guid":{"rendered":"https:\/\/labestiapolitica.com.mx\/?p=66660"},"modified":"2026-03-13T19:33:12","modified_gmt":"2026-03-14T01:33:12","slug":"realizan-final-del-mundialito-benito-juarez-en-la-escuela-primaria-xicohtencatl","status":"publish","type":"post","link":"https:\/\/labestiapolitica.com.mx\/?p=66660","title":{"rendered":"Realizan final del Mundialito Benito Ju\u00e1rez en la Escuela Primaria Xicoht\u00e9ncatl."},"content":{"rendered":"<p class=\"isSelectedEnd\" style=\"text-align: justify;\">El Ayuntamiento, a trav\u00e9s de la Direcci\u00f3n de Deportes y en coordinaci\u00f3n con el entrenador de f\u00fatbol, llev\u00f3 a cabo la final del Mundialito Benito Ju\u00e1rez en la Escuela Primaria Xicoht\u00e9ncatl.<\/p>\n<p class=\"isSelectedEnd\" style=\"text-align: justify;\">Durante esta jornada deportiva, alumnas y alumnos demostraron entusiasmo, trabajo en equipo y esp\u00edritu deportivo, participando activamente en esta actividad que fomenta la sana convivencia y la pr\u00e1ctica del deporte.<\/p>\n<p class=\"isSelectedEnd\" style=\"text-align: justify;\">Resultados:<br \/>\n\u2022 Campe\u00f3n de 5\u00b0 grado: grupo 5\u00b0 \u201cA\u201d.<br \/>\n\u2022 Campe\u00f3n de 4\u00b0 grado: Equipo Selectivo Xicoht\u00e9ncatl.<\/p>\n<p style=\"text-align: justify;\">El Gobierno Municipal felicita a todas y todos los participantes por su esfuerzo y dedicaci\u00f3n, as\u00ed como a la comunidad escolar por promover el deporte y los valores entre las y los estudiantes.<\/p>\n","protected":false},"excerpt":{"rendered":"<p>El Ayuntamiento, a trav\u00e9s de la Direcci\u00f3n de Deportes y en coordinaci\u00f3n con el entrenador de f\u00fatbol, llev\u00f3 a cabo la final del Mundialito Benito Ju\u00e1rez en la Escuela Primaria Xicoht\u00e9ncatl. Durante esta jornada deportiva, alumnas y alumnos demostraron entusiasmo, trabajo en equipo y esp\u00edritu deportivo, participando activamente en esta actividad que fomenta la sana [&hellip;]<\/p>\n","protected":false},"author":5,"featured_media":66661,"comment_status":"open","ping_status":"open","sticky":false,"template":"","format":"standard","meta":{"footnotes":""},"categories":[216,223],"tags":[],"class_list":["post-66660","post","type-post","status-publish","format-standard","has-post-thumbnail","hentry","category-municipios","category-san-pablo-del-monte"],"amp_enabled":true,"_links":{"self":[{"href":"https:\/\/labestiapolitica.com.mx\/index.php?rest_route=\/wp\/v2\/posts\/66660","targetHints":{"allow":["GET"]}}],"collection":[{"href":"https:\/\/labestiapolitica.com.mx\/index.php?rest_route=\/wp\/v2\/posts"}],"about":[{"href":"https:\/\/labestiapolitica.com.mx\/index.php?rest_route=\/wp\/v2\/types\/post"}],"author":[{"embeddable":true,"href":"https:\/\/labestiapolitica.com.mx\/index.php?rest_route=\/wp\/v2\/users\/5"}],"replies":[{"embeddable":true,"href":"https:\/\/labestiapolitica.com.mx\/index.php?rest_route=%2Fwp%2Fv2%2Fcomments&post=66660"}],"version-history":[{"count":1,"href":"https:\/\/labestiapolitica.com.mx\/index.php?rest_route=\/wp\/v2\/posts\/66660\/revisions"}],"predecessor-version":[{"id":66662,"href":"https:\/\/labestiapolitica.com.mx\/index.php?rest_route=\/wp\/v2\/posts\/66660\/revisions\/66662"}],"wp:featuredmedia":[{"embeddable":true,"href":"https:\/\/labestiapolitica.com.mx\/index.php?rest_route=\/wp\/v2\/media\/66661"}],"wp:attachment":[{"href":"https:\/\/labestiapolitica.com.mx\/index.php?rest_route=%2Fwp%2Fv2%2Fmedia&parent=66660"}],"wp:term":[{"taxonomy":"category","embeddable":true,"href":"https:\/\/labestiapolitica.com.mx\/index.php?rest_route=%2Fwp%2Fv2%2Fcategories&post=66660"},{"taxonomy":"post_tag","embeddable":true,"href":"https:\/\/labestiapolitica.com.mx\/index.php?rest_route=%2Fwp%2Fv2%2Ftags&post=66660"}],"curies":[{"name":"wp","href":"https:\/\/api.w.org\/{rel}","templated":true}]}}