{"id":66669,"date":"2026-03-13T20:06:28","date_gmt":"2026-03-14T02:06:28","guid":{"rendered":"https:\/\/labestiapolitica.com.mx\/?p=66669"},"modified":"2026-03-13T20:06:28","modified_gmt":"2026-03-14T02:06:28","slug":"trabajo-conjunto-entre-policia-municipal-de-tlaxcala-y-vecinos-vigilantes-permite-detencion-en-adolfo-lopez-mateos","status":"publish","type":"post","link":"https:\/\/labestiapolitica.com.mx\/?p=66669","title":{"rendered":"Trabajo conjunto entre polic\u00eda municipal de Tlaxcala y vecinos vigilantes permite detenci\u00f3n en Adolfo L\u00f3pez Mateos."},"content":{"rendered":"<p style=\"text-align: justify;\">Elementos de la Polic\u00eda Municipal de Tlaxcala atendieron de manera oportuna un reporte ciudadano realizado a trav\u00e9s del programa Vecinos Vigilantes en la colonia Adolfo L\u00f3pez Mateos, lo que permiti\u00f3 la localizaci\u00f3n y detenci\u00f3n de un sujeto por alteraci\u00f3n al orden p\u00fablico.<\/p>\n<p style=\"text-align: justify;\">De acuerdo con el informe policial, mediante Vecinos Vigilantes, una madre de familia solicit\u00f3 el apoyo de las autoridades luego de que un masculino presuntamente amenazara a su hijo. En el reporte proporcion\u00f3 la descripci\u00f3n f\u00edsica del individuo, lo que permiti\u00f3 a los elementos policiales iniciar un recorrido de vigilancia en la zona se\u00f1alada.<\/p>\n<p style=\"text-align: justify;\">Durante el rond\u00edn preventivo, los oficiales lograron ubicar a un hombre que coincid\u00eda con las caracter\u00edsticas descritas por la denunciante, y al momento de abordarlo para realizarle preguntas de rutina, el sujeto adopt\u00f3 una actitud agresiva e intent\u00f3 agredir a los elementos de seguridad.<\/p>\n<p style=\"text-align: justify;\">Ante esta situaci\u00f3n, los polic\u00edas procedieron a su detenci\u00f3n por alteraci\u00f3n al orden p\u00fablico, para posteriormente ponerlo a disposici\u00f3n del Juzgado Municipal, instancia que determinar\u00e1 su situaci\u00f3n conforme a la normatividad correspondiente.<\/p>\n","protected":false},"excerpt":{"rendered":"<p>Elementos de la Polic\u00eda Municipal de Tlaxcala atendieron de manera oportuna un reporte ciudadano realizado a trav\u00e9s del programa Vecinos Vigilantes en la colonia Adolfo L\u00f3pez Mateos, lo que permiti\u00f3 la localizaci\u00f3n y detenci\u00f3n de un sujeto por alteraci\u00f3n al orden p\u00fablico. De acuerdo con el informe policial, mediante Vecinos Vigilantes, una madre de familia [&hellip;]<\/p>\n","protected":false},"author":5,"featured_media":66670,"comment_status":"open","ping_status":"open","sticky":false,"template":"","format":"standard","meta":{"footnotes":""},"categories":[12,216,214],"tags":[],"class_list":["post-66669","post","type-post","status-publish","format-standard","has-post-thumbnail","hentry","category-brujula-2026","category-municipios","category-tlaxcala-capital"],"amp_enabled":true,"_links":{"self":[{"href":"https:\/\/labestiapolitica.com.mx\/index.php?rest_route=\/wp\/v2\/posts\/66669","targetHints":{"allow":["GET"]}}],"collection":[{"href":"https:\/\/labestiapolitica.com.mx\/index.php?rest_route=\/wp\/v2\/posts"}],"about":[{"href":"https:\/\/labestiapolitica.com.mx\/index.php?rest_route=\/wp\/v2\/types\/post"}],"author":[{"embeddable":true,"href":"https:\/\/labestiapolitica.com.mx\/index.php?rest_route=\/wp\/v2\/users\/5"}],"replies":[{"embeddable":true,"href":"https:\/\/labestiapolitica.com.mx\/index.php?rest_route=%2Fwp%2Fv2%2Fcomments&post=66669"}],"version-history":[{"count":1,"href":"https:\/\/labestiapolitica.com.mx\/index.php?rest_route=\/wp\/v2\/posts\/66669\/revisions"}],"predecessor-version":[{"id":66671,"href":"https:\/\/labestiapolitica.com.mx\/index.php?rest_route=\/wp\/v2\/posts\/66669\/revisions\/66671"}],"wp:featuredmedia":[{"embeddable":true,"href":"https:\/\/labestiapolitica.com.mx\/index.php?rest_route=\/wp\/v2\/media\/66670"}],"wp:attachment":[{"href":"https:\/\/labestiapolitica.com.mx\/index.php?rest_route=%2Fwp%2Fv2%2Fmedia&parent=66669"}],"wp:term":[{"taxonomy":"category","embeddable":true,"href":"https:\/\/labestiapolitica.com.mx\/index.php?rest_route=%2Fwp%2Fv2%2Fcategories&post=66669"},{"taxonomy":"post_tag","embeddable":true,"href":"https:\/\/labestiapolitica.com.mx\/index.php?rest_route=%2Fwp%2Fv2%2Ftags&post=66669"}],"curies":[{"name":"wp","href":"https:\/\/api.w.org\/{rel}","templated":true}]}}