{"id":66672,"date":"2026-03-13T20:10:13","date_gmt":"2026-03-14T02:10:13","guid":{"rendered":"https:\/\/labestiapolitica.com.mx\/?p=66672"},"modified":"2026-03-13T20:10:13","modified_gmt":"2026-03-14T02:10:13","slug":"tlaxcala-novena-entidad-del-pais-en-crear-la-procuraduria-de-proteccion-de-personas-adultas-mayores","status":"publish","type":"post","link":"https:\/\/labestiapolitica.com.mx\/?p=66672","title":{"rendered":"Tlaxcala, novena entidad del pa\u00eds en crear la procuradur\u00eda de protecci\u00f3n de personas adultas mayores."},"content":{"rendered":"<ul>\n<li style=\"text-align: justify;\">La medida responde al crecimiento de este sector, que ya representa cerca del 10 por ciento de la poblaci\u00f3n en el estado<\/li>\n<\/ul>\n<p style=\"text-align: justify;\">Tlaxcala dio un paso relevante en la protecci\u00f3n y defensa de los derechos de las personas mayores de 60 a\u00f1os con la puesta en marcha de la Procuradur\u00eda de Protecci\u00f3n de Personas Adultas Mayores del Sistema Estatal para el Desarrollo Integral de la Familia (SEDIF), con lo que se convierte en la novena entidad del pa\u00eds en contar con este mecanismo institucional.<\/p>\n<p style=\"text-align: justify;\">Con esta acci\u00f3n, el estado se suma a entidades como Tamaulipas, Sonora, San Luis Potos\u00ed, Nuevo Le\u00f3n, Michoac\u00e1n, Jalisco, Colima y Chihuahua, que ya cuentan con instancias especializadas para la atenci\u00f3n y defensa de los derechos de este sector de la poblaci\u00f3n.<\/p>\n<p style=\"text-align: justify;\">La creaci\u00f3n de esta Procuradur\u00eda fue posible tras la publicaci\u00f3n de la Ley de los Derechos de las Personas Adultas Mayores del Estado de Tlaxcala, el pasado 9 de diciembre de 2025, normativa que establece un marco jur\u00eddico para la atenci\u00f3n, protecci\u00f3n y acompa\u00f1amiento de las personas adultas mayores en la entidad.<\/p>\n<p style=\"text-align: justify;\">Durante la presentaci\u00f3n del equipo de la Procuradur\u00eda ante titulares de los Sistemas Municipales DIF, la directora general del SEDIF Tlaxcala, Flor L\u00f3pez Hinojosa, explic\u00f3 que la importancia de esta nueva instancia radica en el cambio que registra la estructura demogr\u00e1fica del estado.<\/p>\n<p style=\"text-align: justify;\">Actualmente, Tlaxcala cuenta con una poblaci\u00f3n de un mill\u00f3n 342 mil 977 habitantes, de los cuales cerca del 10 por ciento son personas adultas mayores, proporci\u00f3n que se prev\u00e9 contin\u00fae en aumento en los pr\u00f3ximos a\u00f1os.<\/p>\n<p style=\"text-align: justify;\">Este fen\u00f3meno refleja una transformaci\u00f3n gradual en la pir\u00e1mide poblacional, lo que obliga a las instituciones a fortalecer sus estrategias de atenci\u00f3n, prevenci\u00f3n y protecci\u00f3n de derechos para este sector.<\/p>\n<p style=\"text-align: justify;\">La funcionaria se\u00f1al\u00f3 que, antes de la creaci\u00f3n de la Procuradur\u00eda, tanto el Sistema Estatal DIF como los Sistemas Municipales DIF ya realizaban acciones de apoyo a personas adultas mayores; sin embargo, \u00e9stas se llevaban a cabo sin una base legal espec\u00edfica, sin protocolos de atenci\u00f3n definidos y sin una instancia institucional especializada.<\/p>\n<p style=\"text-align: justify;\">A partir de la experiencia acumulada por los equipos multidisciplinarios de las Unidades de Primer Contacto del SEDIF y de los 60 Sistemas Municipales DIF, se identificaron las principales necesidades de la poblaci\u00f3n adulta mayor, lo que evidenci\u00f3 la necesidad de contar con una instancia especializada que brindara atenci\u00f3n m\u00e1s profesional, cercana y oportuna.<\/p>\n<p style=\"text-align: justify;\">Asimismo, el fortalecimiento de estas acciones cont\u00f3 con el respaldo de un fondo de cooperaci\u00f3n M\u00e9xico\u2013Uruguay, mediante el cual se realizaron diagn\u00f3sticos, an\u00e1lisis y procesos de capacitaci\u00f3n que permitieron dimensionar los principales retos que enfrenta este sector en el estado.<\/p>\n<p style=\"text-align: justify;\">La Procuradur\u00eda no solo atender\u00e1 casos espec\u00edficos, sino que tambi\u00e9n impulsar\u00e1 acciones de prevenci\u00f3n, orientaci\u00f3n y acompa\u00f1amiento, adem\u00e1s de fortalecer la coordinaci\u00f3n con los Sistemas Municipales DIF y otras instituciones.<\/p>\n<p style=\"text-align: justify;\">El objetivo, se subray\u00f3, es acercar los servicios a la poblaci\u00f3n, atender las causas que afectan a las personas adultas mayores y garantizar el respeto pleno de sus derechos, consolidando una pol\u00edtica p\u00fablica con visi\u00f3n de futuro para un sector que cada vez tiene mayor presencia en la sociedad tlaxcalteca.<\/p>\n","protected":false},"excerpt":{"rendered":"<p>La medida responde al crecimiento de este sector, que ya representa cerca del 10 por ciento de la poblaci\u00f3n en el estado Tlaxcala dio un paso relevante en la protecci\u00f3n y defensa de los derechos de las personas mayores de 60 a\u00f1os con la puesta en marcha de la Procuradur\u00eda de Protecci\u00f3n de Personas Adultas [&hellip;]<\/p>\n","protected":false},"author":5,"featured_media":66673,"comment_status":"open","ping_status":"open","sticky":false,"template":"","format":"standard","meta":{"footnotes":""},"categories":[236],"tags":[],"class_list":["post-66672","post","type-post","status-publish","format-standard","has-post-thumbnail","hentry","category-gobierno-de-tlaxcala"],"amp_enabled":true,"_links":{"self":[{"href":"https:\/\/labestiapolitica.com.mx\/index.php?rest_route=\/wp\/v2\/posts\/66672","targetHints":{"allow":["GET"]}}],"collection":[{"href":"https:\/\/labestiapolitica.com.mx\/index.php?rest_route=\/wp\/v2\/posts"}],"about":[{"href":"https:\/\/labestiapolitica.com.mx\/index.php?rest_route=\/wp\/v2\/types\/post"}],"author":[{"embeddable":true,"href":"https:\/\/labestiapolitica.com.mx\/index.php?rest_route=\/wp\/v2\/users\/5"}],"replies":[{"embeddable":true,"href":"https:\/\/labestiapolitica.com.mx\/index.php?rest_route=%2Fwp%2Fv2%2Fcomments&post=66672"}],"version-history":[{"count":1,"href":"https:\/\/labestiapolitica.com.mx\/index.php?rest_route=\/wp\/v2\/posts\/66672\/revisions"}],"predecessor-version":[{"id":66674,"href":"https:\/\/labestiapolitica.com.mx\/index.php?rest_route=\/wp\/v2\/posts\/66672\/revisions\/66674"}],"wp:featuredmedia":[{"embeddable":true,"href":"https:\/\/labestiapolitica.com.mx\/index.php?rest_route=\/wp\/v2\/media\/66673"}],"wp:attachment":[{"href":"https:\/\/labestiapolitica.com.mx\/index.php?rest_route=%2Fwp%2Fv2%2Fmedia&parent=66672"}],"wp:term":[{"taxonomy":"category","embeddable":true,"href":"https:\/\/labestiapolitica.com.mx\/index.php?rest_route=%2Fwp%2Fv2%2Fcategories&post=66672"},{"taxonomy":"post_tag","embeddable":true,"href":"https:\/\/labestiapolitica.com.mx\/index.php?rest_route=%2Fwp%2Fv2%2Ftags&post=66672"}],"curies":[{"name":"wp","href":"https:\/\/api.w.org\/{rel}","templated":true}]}}