{"id":66688,"date":"2026-03-13T21:59:34","date_gmt":"2026-03-14T03:59:34","guid":{"rendered":"https:\/\/labestiapolitica.com.mx\/?p=66688"},"modified":"2026-03-13T21:59:34","modified_gmt":"2026-03-14T03:59:34","slug":"huamantla-vivira-la-emocion-del-congreso-estatal-y-campeonato-estatal-charro-2026","status":"publish","type":"post","link":"https:\/\/labestiapolitica.com.mx\/?p=66688","title":{"rendered":"Huamantla vivir\u00e1 la emoci\u00f3n del Congreso Estatal y Campeonato Estatal Charro 2026."},"content":{"rendered":"<p style=\"text-align: justify;\">El municipio de Huamantla ser\u00e1 escenario del Congreso y Campeonato Estatal Charro Tlaxcala 2026, una de las celebraciones m\u00e1s importantes de la charrer\u00eda en la entidad, que reunir\u00e1 a destacadas asociaciones charras en el Lienzo Charro de Huamantla para participar en esta etapa del certamen estatal.<\/p>\n<p style=\"text-align: justify;\">Las actividades iniciar\u00e1n este s\u00e1bado 14 de marzo con la ceremonia de inauguraci\u00f3n programada a las 12:00 horas, seguida a las 16:00 horas por la competencia correspondiente a la etapa CONADE, dando comienzo formal a esta justa deportiva que se desarrollar\u00e1 durante los pr\u00f3ximos meses y que congregar\u00e1 a exponentes de distintas regiones del estado.<\/p>\n<p style=\"text-align: justify;\">Como parte de la primera fase, el viernes 20 de marzo a las 11:00 horas se llevar\u00e1 a cabo el caladero abierto, una de las suertes tradicionales de la charrer\u00eda. Posteriormente, el s\u00e1bado 21 de marzo a las 11:00 horas participar\u00e1n Rancho El Sue\u00f1o de Huamantla, Rancho Las Moras de Tlaxcala, Rancho Los \u00c1lamos de Huamantla, Charros de Huamantla y Rancho Santa Rosa de Atotonilco. Ese mismo d\u00eda, a las 14:30 horas competir\u00e1n Isidro Candia \/ 4 Se\u00f1or\u00edos de Tlaxcala, Herradura de Apizaco y Amigos Unidos de Tlaxco.<\/p>\n<p style=\"text-align: justify;\">Las actividades continuar\u00e1n el domingo 22 de marzo con la participaci\u00f3n, a las 11:00 horas, de Charros Granados de Huamantla, Rancheros de Apizaco y Rancho Payuca. Posteriormente, a las 14:30 horas, se presentar\u00e1n Charros de Tlaxco, Rancho La Ermita de Huamantla y Rancho La Ca\u00f1aba de Cuapiaxtla.<\/p>\n<p style=\"text-align: justify;\">Este campeonato estatal reunir\u00e1 a equipos de diferentes categor\u00edas y permitir\u00e1 definir a los representantes de Tlaxcala que participar\u00e1n en el pr\u00f3ximo Congreso y Campeonato Nacional Charro, fortaleciendo as\u00ed la preservaci\u00f3n de la charrer\u00eda como una de las tradiciones m\u00e1s representativas de M\u00e9xico.<\/p>\n<p style=\"text-align: justify;\">Con la realizaci\u00f3n de este evento en el municipio, Huamantla reafirma su relevancia como sede de actividades que promueven el deporte nacional, la convivencia familiar y el orgullo por las tradiciones que forman parte de la identidad cultural de Tlaxcala.<\/p>\n","protected":false},"excerpt":{"rendered":"<p>El municipio de Huamantla ser\u00e1 escenario del Congreso y Campeonato Estatal Charro Tlaxcala 2026, una de las celebraciones m\u00e1s importantes de la charrer\u00eda en la entidad, que reunir\u00e1 a destacadas asociaciones charras en el Lienzo Charro de Huamantla para participar en esta etapa del certamen estatal. Las actividades iniciar\u00e1n este s\u00e1bado 14 de marzo con [&hellip;]<\/p>\n","protected":false},"author":5,"featured_media":66689,"comment_status":"open","ping_status":"open","sticky":false,"template":"","format":"standard","meta":{"footnotes":""},"categories":[220,216],"tags":[],"class_list":["post-66688","post","type-post","status-publish","format-standard","has-post-thumbnail","hentry","category-huamantla","category-municipios"],"amp_enabled":true,"_links":{"self":[{"href":"https:\/\/labestiapolitica.com.mx\/index.php?rest_route=\/wp\/v2\/posts\/66688","targetHints":{"allow":["GET"]}}],"collection":[{"href":"https:\/\/labestiapolitica.com.mx\/index.php?rest_route=\/wp\/v2\/posts"}],"about":[{"href":"https:\/\/labestiapolitica.com.mx\/index.php?rest_route=\/wp\/v2\/types\/post"}],"author":[{"embeddable":true,"href":"https:\/\/labestiapolitica.com.mx\/index.php?rest_route=\/wp\/v2\/users\/5"}],"replies":[{"embeddable":true,"href":"https:\/\/labestiapolitica.com.mx\/index.php?rest_route=%2Fwp%2Fv2%2Fcomments&post=66688"}],"version-history":[{"count":1,"href":"https:\/\/labestiapolitica.com.mx\/index.php?rest_route=\/wp\/v2\/posts\/66688\/revisions"}],"predecessor-version":[{"id":66690,"href":"https:\/\/labestiapolitica.com.mx\/index.php?rest_route=\/wp\/v2\/posts\/66688\/revisions\/66690"}],"wp:featuredmedia":[{"embeddable":true,"href":"https:\/\/labestiapolitica.com.mx\/index.php?rest_route=\/wp\/v2\/media\/66689"}],"wp:attachment":[{"href":"https:\/\/labestiapolitica.com.mx\/index.php?rest_route=%2Fwp%2Fv2%2Fmedia&parent=66688"}],"wp:term":[{"taxonomy":"category","embeddable":true,"href":"https:\/\/labestiapolitica.com.mx\/index.php?rest_route=%2Fwp%2Fv2%2Fcategories&post=66688"},{"taxonomy":"post_tag","embeddable":true,"href":"https:\/\/labestiapolitica.com.mx\/index.php?rest_route=%2Fwp%2Fv2%2Ftags&post=66688"}],"curies":[{"name":"wp","href":"https:\/\/api.w.org\/{rel}","templated":true}]}}