{"id":66692,"date":"2026-03-13T22:45:39","date_gmt":"2026-03-14T04:45:39","guid":{"rendered":"https:\/\/labestiapolitica.com.mx\/?p=66692"},"modified":"2026-03-13T22:45:39","modified_gmt":"2026-03-14T04:45:39","slug":"bienvenidos-a-la-republica-del-silencio","status":"publish","type":"post","link":"https:\/\/labestiapolitica.com.mx\/?p=66692","title":{"rendered":"Bienvenidos a la Rep\u00fablica del Silencio."},"content":{"rendered":"<p style=\"text-align: justify;\"><em>Adriana D\u00e1vila Fern\u00e1ndez | Pol\u00edtica y activista<\/em><\/p>\n<p style=\"text-align: justify;\">La suspensi\u00f3n de la cuenta de Instagram del abogado Miguel Alfonso Meza \u2014m\u00e1s de 82 mil seguidores, a\u00f1os de trabajo, una comunidad construida a pulso\u2014 no es un accidente t\u00e9cnico ni un hecho aislado. Es un s\u00edntoma. Un s\u00edntoma grave de un ecosistema donde las plataformas que antes se celebraban como territorios de libertad hoy parecen operar como extensiones silenciosas del poder pol\u00edtico, especialmente cuando la cr\u00edtica toca fibras sensibles.<\/p>\n<p style=\"text-align: justify;\">Meza inform\u00f3 que su cuenta fue suspendida sin posibilidad de solicitar revisi\u00f3n. Sin explicaci\u00f3n, sin proceso, sin derecho a r\u00e9plica. La decisi\u00f3n llega despu\u00e9s de que hiciera p\u00fablicas denuncias sobre posibles v\u00ednculos entre actores pol\u00edticos y miembros del poder judicial con el crimen organizado, especialmente de personajes que llegaron al poder judicial como parte de \u201clos acordeones\u201d repartidos por el oficialismo en la reciente farsa de la elecci\u00f3n judicial.<\/p>\n<p style=\"text-align: justify;\">Dichas denuncias, por su naturaleza, deber\u00edan investigarse de oficio, pues apuntan a la posible comisi\u00f3n de delitos federales. Pero en lugar de abrir expedientes, se cierran cuentas. En lugar de esclarecer, se silencia.<\/p>\n<p style=\"text-align: justify;\">La suspensi\u00f3n de cuentas como la de Meza ocurre, adem\u00e1s, en un contexto inquietante: el reciente anuncio presidencial de un convenio con Meta para \u201cerradicar la violencia\u201d en redes sociales. La intenci\u00f3n declarada puede sonar noble, pero la coincidencia temporal con la cancelaci\u00f3n de voces cr\u00edticas despierta preguntas leg\u00edtimas sobre los criterios, los alcances y los riesgos de ese tipo de acuerdos. La l\u00ednea entre moderaci\u00f3n y censura es delgada, y cuando el poder pol\u00edtico participa en su definici\u00f3n, esa l\u00ednea tiende a borrarse.<\/p>\n<p style=\"text-align: justify;\">Este episodio no ocurre en el vac\u00edo. Forma parte de una regresi\u00f3n autoritaria que se ha manifestado en distintos estados gobernados por el mismo signo pol\u00edtico.<\/p>\n<p style=\"text-align: justify;\">En Campeche con Layda Sansores, comunicadores y analistas han denunciado presiones, amenazas y campa\u00f1as de hostigamiento desde el poder p\u00fablico.<\/p>\n<p style=\"text-align: justify;\">En Veracruz con Roc\u00edo Nahle, periodistas han sido amedrentados por cuestionar decisiones gubernamentales, mientras se normaliza un clima de intimidaci\u00f3n institucional.<\/p>\n<p style=\"text-align: justify;\">En Puebla con Alejandro Armenta, comunicadores cr\u00edticos han enfrentado acoso digital y presiones directas que buscan inhibir la investigaci\u00f3n period\u00edstica. No son hechos aislados: son patrones que revelan un deterioro acelerado de las libertades.<\/p>\n<p style=\"text-align: justify;\">La regresi\u00f3n es tan evidente como dolorosa. Las nuevas generaciones, que crecieron en un entorno donde la libertad de expresi\u00f3n parec\u00eda un avance irreversible, poco saben de los a\u00f1os en que la censura era pr\u00e1ctica cotidiana. Hoy, sin embargo, ese pasado regresa disfrazado de \u201cregulaci\u00f3n\u201d, \u201cmoderaci\u00f3n\u201d o \u201ccombate a la violencia digital\u201d. Y regresa con fuerza, justo cuando el gobierno enfrenta una crisis de resultados que intenta contener monopolizando la conversaci\u00f3n p\u00fablica.<\/p>\n<p style=\"text-align: justify;\">La paradoja es imposible de ignorar. El movimiento pol\u00edtico,\u00a0 la famosa \u201ctransformaci\u00f3n\u201d, que en su momento bendijo las redes sociales como herramientas democratizadoras hoy parece maldecirlas. No porque hayan cambiado las plataformas, sino porque cambi\u00f3 el efecto. El boomerang de datos, documentos, capturas de pantalla y trazas de complicidades ha comenzado a regresar. Y cuando la narrativa oficial ya no controla el flujo de informaci\u00f3n, la tentaci\u00f3n de intervenir se vuelve demasiado grande.<\/p>\n<p style=\"text-align: justify;\">El riesgo mayor no es individual, sino colectivo. Cuando se silencian voces que denuncian posibles actos de corrupci\u00f3n o colusi\u00f3n con el crimen organizado, lo que se erosiona es el derecho de toda la sociedad a acceder a informaci\u00f3n relevante. La censura digital no solo afecta al emisor: afecta a miles de receptores que pierden una fuente de datos, an\u00e1lisis y seguimiento de temas de inter\u00e9s p\u00fablico.<\/p>\n<p style=\"text-align: justify;\">En un pa\u00eds donde la prensa enfrenta amenazas, presiones y violencia, las redes sociales se hab\u00edan convertido en un espacio alternativo para la vigilancia ciudadana. Si ese espacio tambi\u00e9n se cierra, \u00bfqu\u00e9 queda?<\/p>\n<p style=\"text-align: justify;\">Por eso, estoy segura de que la cancelaci\u00f3n de voces inc\u00f3modas no es un tropiezo: es una se\u00f1al de alarma, que se suma a las muchas que ha mandado el r\u00e9gimen durante estos siente a\u00f1os. Es un recordatorio de que la libertad de expresi\u00f3n no se pierde de golpe, sino por erosi\u00f3n, por peque\u00f1as concesiones, por silencios impuestos que se vuelven costumbre.<\/p>\n<p style=\"text-align: justify;\">\u00a0Y cuando el poder, incapaz de responder con resultados, intenta controlar la conversaci\u00f3n p\u00fablica para administrar la percepci\u00f3n, lo que est\u00e1 en juego no es un debate, sino la democracia misma. Porque cada vez que una voz cr\u00edtica es silenciada, se apaga una parte del pa\u00eds que se niega a aceptar la oscuridad como destino. Defender la libertad de expresi\u00f3n no es un gesto simb\u00f3lico: es la \u00faltima l\u00ednea de defensa antes de que el silencio se vuelva norma y la verdad, un lujo.<\/p>\n","protected":false},"excerpt":{"rendered":"<p>Adriana D\u00e1vila Fern\u00e1ndez | Pol\u00edtica y activista La suspensi\u00f3n de la cuenta de Instagram del abogado Miguel Alfonso Meza \u2014m\u00e1s de 82 mil seguidores, a\u00f1os de trabajo, una comunidad construida a pulso\u2014 no es un accidente t\u00e9cnico ni un hecho aislado. Es un s\u00edntoma. Un s\u00edntoma grave de un ecosistema donde las plataformas que antes [&hellip;]<\/p>\n","protected":false},"author":5,"featured_media":58418,"comment_status":"open","ping_status":"open","sticky":false,"template":"","format":"standard","meta":{"footnotes":""},"categories":[3,12,6],"tags":[],"class_list":["post-66692","post","type-post","status-publish","format-standard","has-post-thumbnail","hentry","category-8-columnas","category-brujula-2026","category-opinion"],"amp_enabled":true,"_links":{"self":[{"href":"https:\/\/labestiapolitica.com.mx\/index.php?rest_route=\/wp\/v2\/posts\/66692","targetHints":{"allow":["GET"]}}],"collection":[{"href":"https:\/\/labestiapolitica.com.mx\/index.php?rest_route=\/wp\/v2\/posts"}],"about":[{"href":"https:\/\/labestiapolitica.com.mx\/index.php?rest_route=\/wp\/v2\/types\/post"}],"author":[{"embeddable":true,"href":"https:\/\/labestiapolitica.com.mx\/index.php?rest_route=\/wp\/v2\/users\/5"}],"replies":[{"embeddable":true,"href":"https:\/\/labestiapolitica.com.mx\/index.php?rest_route=%2Fwp%2Fv2%2Fcomments&post=66692"}],"version-history":[{"count":1,"href":"https:\/\/labestiapolitica.com.mx\/index.php?rest_route=\/wp\/v2\/posts\/66692\/revisions"}],"predecessor-version":[{"id":66693,"href":"https:\/\/labestiapolitica.com.mx\/index.php?rest_route=\/wp\/v2\/posts\/66692\/revisions\/66693"}],"wp:featuredmedia":[{"embeddable":true,"href":"https:\/\/labestiapolitica.com.mx\/index.php?rest_route=\/wp\/v2\/media\/58418"}],"wp:attachment":[{"href":"https:\/\/labestiapolitica.com.mx\/index.php?rest_route=%2Fwp%2Fv2%2Fmedia&parent=66692"}],"wp:term":[{"taxonomy":"category","embeddable":true,"href":"https:\/\/labestiapolitica.com.mx\/index.php?rest_route=%2Fwp%2Fv2%2Fcategories&post=66692"},{"taxonomy":"post_tag","embeddable":true,"href":"https:\/\/labestiapolitica.com.mx\/index.php?rest_route=%2Fwp%2Fv2%2Ftags&post=66692"}],"curies":[{"name":"wp","href":"https:\/\/api.w.org\/{rel}","templated":true}]}}