{"id":66699,"date":"2026-03-14T11:39:17","date_gmt":"2026-03-14T17:39:17","guid":{"rendered":"https:\/\/labestiapolitica.com.mx\/?p=66699"},"modified":"2026-03-14T11:41:00","modified_gmt":"2026-03-14T17:41:00","slug":"idelfonso-carro-roldan-asiste-a-la-segunda-edicion-de-la-escuela-municipalista-de-morena","status":"publish","type":"post","link":"https:\/\/labestiapolitica.com.mx\/?p=66699","title":{"rendered":"Idelfonso Carro Rold\u00e1n asiste a la segunda edici\u00f3n de la Escuela Municipalista de Morena."},"content":{"rendered":"<p>El presidente municipal de Panotla, Idelfonso Carro Rold\u00e1n, asisti\u00f3 a la segunda edici\u00f3n de la Escuela Municipalista de Morena, realizada en Oaxtepec, Morelos, un espacio de formaci\u00f3n y di\u00e1logo enfocado en fortalecer el trabajo de los gobiernos municipales en favor de la ciudadan\u00eda.<\/p>\n<p>Este encuentro fue encabezado por la presidenta nacional de Morena, Luisa Mar\u00eda Alcalde, quien destac\u00f3 la importancia de impulsar espacios de capacitaci\u00f3n para fortalecer la gesti\u00f3n p\u00fablica, el trabajo territorial y la atenci\u00f3n a las necesidades de la poblaci\u00f3n desde los municipios.<\/p>\n<p>Durante su participaci\u00f3n, Idelfonso Carro Rold\u00e1n resalt\u00f3 que estos espacios permiten compartir experiencias, adquirir nuevas herramientas y reforzar el compromiso de seguir trabajando con responsabilidad y cercan\u00eda con la gente.<\/p>\n<p>Asimismo, destac\u00f3 que la preparaci\u00f3n y el intercambio de experiencias entre autoridades permiten fortalecer el trabajo en los municipios y generar mejores resultados para las y los ciudadanos de Panotla, siempre con el objetivo de impulsar el bienestar y desarrollo de la comunidad.<\/p>\n<p>&nbsp;<\/p>\n<p><img loading=\"lazy\" decoding=\"async\" class=\"aligncenter wp-image-66703 size-large\" src=\"https:\/\/labestiapolitica.com.mx\/wp-content\/uploads\/2026\/03\/WhatsApp-Image-2026-03-14-at-11.05.23-AM-768x1024.jpeg\" alt=\"\" width=\"640\" height=\"853\" srcset=\"https:\/\/labestiapolitica.com.mx\/wp-content\/uploads\/2026\/03\/WhatsApp-Image-2026-03-14-at-11.05.23-AM-768x1024.jpeg 768w, https:\/\/labestiapolitica.com.mx\/wp-content\/uploads\/2026\/03\/WhatsApp-Image-2026-03-14-at-11.05.23-AM-225x300.jpeg 225w, https:\/\/labestiapolitica.com.mx\/wp-content\/uploads\/2026\/03\/WhatsApp-Image-2026-03-14-at-11.05.23-AM.jpeg 960w\" sizes=\"auto, (max-width: 640px) 100vw, 640px\" \/><\/p>\n","protected":false},"excerpt":{"rendered":"<p>El presidente municipal de Panotla, Idelfonso Carro Rold\u00e1n, asisti\u00f3 a la segunda edici\u00f3n de la Escuela Municipalista de Morena, realizada en Oaxtepec, Morelos, un espacio de formaci\u00f3n y di\u00e1logo enfocado en fortalecer el trabajo de los gobiernos municipales en favor de la ciudadan\u00eda. Este encuentro fue encabezado por la presidenta nacional de Morena, Luisa Mar\u00eda [&hellip;]<\/p>\n","protected":false},"author":5,"featured_media":66700,"comment_status":"open","ping_status":"open","sticky":false,"template":"","format":"standard","meta":{"footnotes":""},"categories":[216,237],"tags":[],"class_list":["post-66699","post","type-post","status-publish","format-standard","has-post-thumbnail","hentry","category-municipios","category-panotla"],"amp_enabled":true,"_links":{"self":[{"href":"https:\/\/labestiapolitica.com.mx\/index.php?rest_route=\/wp\/v2\/posts\/66699","targetHints":{"allow":["GET"]}}],"collection":[{"href":"https:\/\/labestiapolitica.com.mx\/index.php?rest_route=\/wp\/v2\/posts"}],"about":[{"href":"https:\/\/labestiapolitica.com.mx\/index.php?rest_route=\/wp\/v2\/types\/post"}],"author":[{"embeddable":true,"href":"https:\/\/labestiapolitica.com.mx\/index.php?rest_route=\/wp\/v2\/users\/5"}],"replies":[{"embeddable":true,"href":"https:\/\/labestiapolitica.com.mx\/index.php?rest_route=%2Fwp%2Fv2%2Fcomments&post=66699"}],"version-history":[{"count":2,"href":"https:\/\/labestiapolitica.com.mx\/index.php?rest_route=\/wp\/v2\/posts\/66699\/revisions"}],"predecessor-version":[{"id":66704,"href":"https:\/\/labestiapolitica.com.mx\/index.php?rest_route=\/wp\/v2\/posts\/66699\/revisions\/66704"}],"wp:featuredmedia":[{"embeddable":true,"href":"https:\/\/labestiapolitica.com.mx\/index.php?rest_route=\/wp\/v2\/media\/66700"}],"wp:attachment":[{"href":"https:\/\/labestiapolitica.com.mx\/index.php?rest_route=%2Fwp%2Fv2%2Fmedia&parent=66699"}],"wp:term":[{"taxonomy":"category","embeddable":true,"href":"https:\/\/labestiapolitica.com.mx\/index.php?rest_route=%2Fwp%2Fv2%2Fcategories&post=66699"},{"taxonomy":"post_tag","embeddable":true,"href":"https:\/\/labestiapolitica.com.mx\/index.php?rest_route=%2Fwp%2Fv2%2Ftags&post=66699"}],"curies":[{"name":"wp","href":"https:\/\/api.w.org\/{rel}","templated":true}]}}