{"id":66714,"date":"2026-03-14T15:32:24","date_gmt":"2026-03-14T21:32:24","guid":{"rendered":"https:\/\/labestiapolitica.com.mx\/?p=66714"},"modified":"2026-03-14T15:32:24","modified_gmt":"2026-03-14T21:32:24","slug":"viernes-de-mueganos-en-san-lucas-fue-un-festival-de-luces-fe-y-sabores-que-deleito-a-locales-y-visitantes","status":"publish","type":"post","link":"https:\/\/labestiapolitica.com.mx\/?p=66714","title":{"rendered":"Viernes de Mu\u00e9ganos en San Lucas fue un festival de luces, fe y sabores que deleit\u00f3 a locales y visitantes."},"content":{"rendered":"<p style=\"text-align: justify;\">Con una gran participaci\u00f3n de familias huamantlecas y visitantes, se llev\u00f3 a cabo una edici\u00f3n m\u00e1s de los tradicionales \u201cViernes de Mu\u00e9ganos\u201d en el barrio de San Lucas, donde la m\u00fasica, la gastronom\u00eda y las tradiciones locales se unieron para ofrecer una experiencia que distingue al Pueblo M\u00e1gico.<\/p>\n<p style=\"text-align: justify;\">Como parte del programa cultural preparado para esta jornada, el Gobierno Municipal gestion\u00f3 la presentaci\u00f3n de la Orquesta Sinf\u00f3nica Infantil de Huamantla, que ofreci\u00f3 un emotivo concierto dentro de la actividad denominada \u201cCuaresma Sinf\u00f3nica\u201d, a trav\u00e9s de la Direcci\u00f3n de Turismo, Cultura y Desarrollo Taurino. La presentaci\u00f3n musical acompa\u00f1\u00f3 el ambiente festivo que se vive en esta temporada, en la que las calles del barrio se iluminan con faroles de colores y se llenan del aroma de los tradicionales mu\u00e9ganos.<\/p>\n<p style=\"text-align: justify;\">Durante la celebraci\u00f3n, las y los asistentes pudieron disfrutar de este dulce t\u00edpico huamantleco, un legado gastron\u00f3mico con m\u00e1s de 125 a\u00f1os de historia, elaborado con harina de trigo, manteca de cerdo, an\u00eds y piloncillo, cuya receta ha sido transmitida por generaciones de artesanos locales.<\/p>\n<p style=\"text-align: justify;\">En el marco de esta actividad, tambi\u00e9n se realiz\u00f3 la entrega de filipinas gratuitas a productores de mu\u00e9ganos y comerciantes que forman parte del padr\u00f3n y que participan cada viernes en esta tradici\u00f3n que se desarrolla en distintos barrios del municipio.<\/p>\n<p style=\"text-align: justify;\">Esta acci\u00f3n forma parte de las estrategias impulsadas por el presidente municipal de Huamantla, Salvador Santos Cedillo, orientadas a fortalecer la identidad gastron\u00f3mica del municipio, apoyar a quienes mantienen viva esta tradici\u00f3n y generar mayor derrama econ\u00f3mica en los barrios, adem\u00e1s de atraer visitantes durante la temporada de Cuaresma.<\/p>\n<p style=\"text-align: justify;\">De esta manera, el Gobierno Municipal contin\u00faa promoviendo actividades que permiten preservar las costumbres y consolidar eventos que impulsan el turismo y la econom\u00eda local.<\/p>\n","protected":false},"excerpt":{"rendered":"<p>Con una gran participaci\u00f3n de familias huamantlecas y visitantes, se llev\u00f3 a cabo una edici\u00f3n m\u00e1s de los tradicionales \u201cViernes de Mu\u00e9ganos\u201d en el barrio de San Lucas, donde la m\u00fasica, la gastronom\u00eda y las tradiciones locales se unieron para ofrecer una experiencia que distingue al Pueblo M\u00e1gico. Como parte del programa cultural preparado para [&hellip;]<\/p>\n","protected":false},"author":5,"featured_media":66715,"comment_status":"open","ping_status":"open","sticky":false,"template":"","format":"standard","meta":{"footnotes":""},"categories":[220,216],"tags":[],"class_list":["post-66714","post","type-post","status-publish","format-standard","has-post-thumbnail","hentry","category-huamantla","category-municipios"],"amp_enabled":true,"_links":{"self":[{"href":"https:\/\/labestiapolitica.com.mx\/index.php?rest_route=\/wp\/v2\/posts\/66714","targetHints":{"allow":["GET"]}}],"collection":[{"href":"https:\/\/labestiapolitica.com.mx\/index.php?rest_route=\/wp\/v2\/posts"}],"about":[{"href":"https:\/\/labestiapolitica.com.mx\/index.php?rest_route=\/wp\/v2\/types\/post"}],"author":[{"embeddable":true,"href":"https:\/\/labestiapolitica.com.mx\/index.php?rest_route=\/wp\/v2\/users\/5"}],"replies":[{"embeddable":true,"href":"https:\/\/labestiapolitica.com.mx\/index.php?rest_route=%2Fwp%2Fv2%2Fcomments&post=66714"}],"version-history":[{"count":1,"href":"https:\/\/labestiapolitica.com.mx\/index.php?rest_route=\/wp\/v2\/posts\/66714\/revisions"}],"predecessor-version":[{"id":66716,"href":"https:\/\/labestiapolitica.com.mx\/index.php?rest_route=\/wp\/v2\/posts\/66714\/revisions\/66716"}],"wp:featuredmedia":[{"embeddable":true,"href":"https:\/\/labestiapolitica.com.mx\/index.php?rest_route=\/wp\/v2\/media\/66715"}],"wp:attachment":[{"href":"https:\/\/labestiapolitica.com.mx\/index.php?rest_route=%2Fwp%2Fv2%2Fmedia&parent=66714"}],"wp:term":[{"taxonomy":"category","embeddable":true,"href":"https:\/\/labestiapolitica.com.mx\/index.php?rest_route=%2Fwp%2Fv2%2Fcategories&post=66714"},{"taxonomy":"post_tag","embeddable":true,"href":"https:\/\/labestiapolitica.com.mx\/index.php?rest_route=%2Fwp%2Fv2%2Ftags&post=66714"}],"curies":[{"name":"wp","href":"https:\/\/api.w.org\/{rel}","templated":true}]}}