{"id":66723,"date":"2026-03-14T15:45:01","date_gmt":"2026-03-14T21:45:01","guid":{"rendered":"https:\/\/labestiapolitica.com.mx\/?p=66723"},"modified":"2026-03-14T15:45:28","modified_gmt":"2026-03-14T21:45:28","slug":"66723","status":"publish","type":"post","link":"https:\/\/labestiapolitica.com.mx\/?p=66723","title":{"rendered":"PT y PVEM se alinean con Sheinbaum en el Senado y apoyar\u00e1n el \u201cplan B\u201d de la reforma electoral."},"content":{"rendered":"<header class=\"main-article--header\">\n<h1 class=\"titulo\" style=\"text-align: justify;\"><em style=\"font-size: 16px;\"><span style=\"font-family: georgia, palatino, serif; font-size: 12pt;\">Por <span class=\"post-author-name change-utf\">Jorge Monroy<\/span><\/span><\/em><\/h1>\n<ul>\n<li class=\"bajada\" style=\"text-align: justify;\"><span style=\"font-family: georgia, palatino, serif; font-size: 12pt;\">Tras un encuentro de 12 horas, que culmin\u00f3 la madrugada de este s\u00e1bado, la bancada de Morena anunci\u00f3 que sus aliados respaldar\u00edan la nueva iniciativa de la presidenta<\/span><\/li>\n<\/ul>\n<\/header>\n<div class=\"main-article--body\">\n<div class=\"article-content\">\n<div class=\"article-content--cuerpo\">\n<p style=\"text-align: justify;\"><span style=\"font-family: georgia, palatino, serif; font-size: 12pt;\">Las<strong>\u00a0bancadas de Morena, PT y PVEM<\/strong>\u00a0en el Senado de la Rep\u00fablica acordaron<strong>\u00a0respaldar la iniciativa de reforma electoral,<\/strong>\u00a0conocido como \u201cplan B\u201d, que presentar\u00e1 la presidenta Claudia Sheinbaum.\u00a0<\/span><\/p>\n<p style=\"text-align: justify;\"><span style=\"font-family: georgia, palatino, serif; font-size: 12pt;\">Luego de m\u00e1s de<strong>\u00a012 horas de negociaci\u00f3n en la Secretar\u00eda de Gobernaci\u00f3n<\/strong>, las bancadas oficialistas anunciaron el respaldo al proyecto que a\u00fan se encuentra en\u00a0<strong>fase de elaboraci\u00f3n\u00a0<\/strong>y el cual se presentar\u00e1 la pr\u00f3xima semana.\u00a0<\/span><\/p>\n<p style=\"text-align: justify;\"><span style=\"font-family: georgia, palatino, serif; font-size: 12pt;\">\u201cLas y los senadores que formamos parte de la\u00a0<strong>Cuarta Transformaci\u00f3n respaldamos<\/strong>\u00a0<strong>el Plan B,\u00a0<\/strong>propuesto por la presidenta constitucional de los Estados Unidos Mexicanos, doctora Claudia Sheinbaum Pardo\u201d, dijeron en un comunicado emitido este s\u00e1bado.<\/span><\/p>\n<p style=\"text-align: justify;\"><span style=\"font-family: georgia, palatino, serif; font-size: 12pt;\">Por ahora\u00a0<strong>s\u00f3lo se conocen tres puntos del \u201cplan B\u201d<\/strong>\u00a0que la propia mandataria federal present\u00f3 el viernes: reducci\u00f3n de s\u00edndicos y regidores;\u00a0<strong>disminuir el gasto en los Congresos de los estados<\/strong>\u00a0y el Senado, y fortalecer la consulta popular.\u00a0<\/span><\/p>\n<p style=\"text-align: justify;\"><span style=\"font-family: georgia, palatino, serif; font-size: 12pt;\">\u201cDurante d\u00e9cadas, el aparato gubernamental federal, estatal y municipal ha operado con costos elevados que deben revisarse con responsabilidad.\u00a0<strong>La democracia no se fortalece con estructuras costosas<\/strong>\u00a0ni con privilegios, sino con instituciones eficientes que respondan a las necesidades de la poblaci\u00f3n. Esta propuesta de reforma\u00a0<strong>no vulnera el federalismo\u00a0<\/strong>ni invade la autonom\u00eda de los estados\u201d, dijeron las bancadas de Morena, PT y PVEM en un comunicado.\u00a0<\/span><\/p>\n<p style=\"text-align: justify;\"><span style=\"font-family: georgia, palatino, serif; font-size: 12pt;\">Consideraron que los 4 mil millones de pesos que Sheinbaum\u00a0<strong>anticip\u00f3 de ahorros\u00a0<\/strong>en caso de aprobarse esta reforma, \u201cpermanecer\u00e1n en las entidades federativas y ser\u00e1n destinados a obra p\u00fablica, infraestructura y proyectos que beneficien directamente a la poblaci\u00f3n, con instituciones modernas, eficientes y austeras\u201d, expresaron.\u00a0<\/span><\/p>\n<p style=\"text-align: justify;\"><span style=\"font-family: georgia, palatino, serif; font-size: 12pt;\">\u201cEse es el sentido de esta reforma: una democracia m\u00e1s austera, m\u00e1s cercana a la gente y una justa redistribuci\u00f3n de los recursos p\u00fablicos\u201d, concluyeron.<\/span><\/p>\n<p data-pm-slice=\"1 1 []\"><span style=\"font-size: 14pt;\"><em><strong>Fuente: LATINUS<\/strong><\/em><\/span><\/p>\n<\/div>\n<\/div>\n<\/div>\n","protected":false},"excerpt":{"rendered":"<p>Por Jorge Monroy Tras un encuentro de 12 horas, que culmin\u00f3 la madrugada de este s\u00e1bado, la bancada de Morena anunci\u00f3 que sus aliados respaldar\u00edan la nueva iniciativa de la presidenta Las\u00a0bancadas de Morena, PT y PVEM\u00a0en el Senado de la Rep\u00fablica acordaron\u00a0respaldar la iniciativa de reforma electoral,\u00a0conocido como \u201cplan B\u201d, que presentar\u00e1 la presidenta [&hellip;]<\/p>\n","protected":false},"author":5,"featured_media":66724,"comment_status":"open","ping_status":"open","sticky":false,"template":"","format":"standard","meta":{"footnotes":""},"categories":[3,247,8],"tags":[],"class_list":["post-66723","post","type-post","status-publish","format-standard","has-post-thumbnail","hentry","category-8-columnas","category-politica","category-redes"],"amp_enabled":true,"_links":{"self":[{"href":"https:\/\/labestiapolitica.com.mx\/index.php?rest_route=\/wp\/v2\/posts\/66723","targetHints":{"allow":["GET"]}}],"collection":[{"href":"https:\/\/labestiapolitica.com.mx\/index.php?rest_route=\/wp\/v2\/posts"}],"about":[{"href":"https:\/\/labestiapolitica.com.mx\/index.php?rest_route=\/wp\/v2\/types\/post"}],"author":[{"embeddable":true,"href":"https:\/\/labestiapolitica.com.mx\/index.php?rest_route=\/wp\/v2\/users\/5"}],"replies":[{"embeddable":true,"href":"https:\/\/labestiapolitica.com.mx\/index.php?rest_route=%2Fwp%2Fv2%2Fcomments&post=66723"}],"version-history":[{"count":2,"href":"https:\/\/labestiapolitica.com.mx\/index.php?rest_route=\/wp\/v2\/posts\/66723\/revisions"}],"predecessor-version":[{"id":66726,"href":"https:\/\/labestiapolitica.com.mx\/index.php?rest_route=\/wp\/v2\/posts\/66723\/revisions\/66726"}],"wp:featuredmedia":[{"embeddable":true,"href":"https:\/\/labestiapolitica.com.mx\/index.php?rest_route=\/wp\/v2\/media\/66724"}],"wp:attachment":[{"href":"https:\/\/labestiapolitica.com.mx\/index.php?rest_route=%2Fwp%2Fv2%2Fmedia&parent=66723"}],"wp:term":[{"taxonomy":"category","embeddable":true,"href":"https:\/\/labestiapolitica.com.mx\/index.php?rest_route=%2Fwp%2Fv2%2Fcategories&post=66723"},{"taxonomy":"post_tag","embeddable":true,"href":"https:\/\/labestiapolitica.com.mx\/index.php?rest_route=%2Fwp%2Fv2%2Ftags&post=66723"}],"curies":[{"name":"wp","href":"https:\/\/api.w.org\/{rel}","templated":true}]}}