{"id":66733,"date":"2026-03-14T19:16:28","date_gmt":"2026-03-15T01:16:28","guid":{"rendered":"https:\/\/labestiapolitica.com.mx\/?p=66733"},"modified":"2026-03-14T19:16:28","modified_gmt":"2026-03-15T01:16:28","slug":"invita-ayuntamiento-de-tlaxcala-a-disfrutar-del-circuito-familiar-muevete-tlaxcala-este-domingo","status":"publish","type":"post","link":"https:\/\/labestiapolitica.com.mx\/?p=66733","title":{"rendered":"Invita Ayuntamiento de Tlaxcala a disfrutar del circuito familiar \u00abMu\u00e9vete Tlaxcala\u00bb este domingo."},"content":{"rendered":"<p style=\"text-align: justify;\">En un ambiente pensado para la convivencia y la activaci\u00f3n f\u00edsica, el Ayuntamiento de Tlaxcala, encabezado por Alfonso S\u00e1nchez Garc\u00eda, llevar\u00e1 a cabo este domingo una nueva jornada del Circuito Familiar \u201cMu\u00e9vete Tlaxcala\u201d.<\/p>\n<p style=\"text-align: justify;\">Las actividades iniciar\u00e1n a las 8:00 horas frente al Centro Cultural Universitario (CCU), donde la ciudadan\u00eda est\u00e1 invitada a participar en diversas din\u00e1micas deportivas, recreativas y de esparcimiento que fomentan h\u00e1bitos de vida saludables.<\/p>\n<p style=\"text-align: justify;\">Sobre este tema, el presidente municipal reiter\u00f3 que se trata de una estrategia permanente que se realizar\u00e1 todos los domingos, con la finalidad de ofrecer espacios seguros que promuevan la actividad f\u00edsica, la recreaci\u00f3n y la convivencia entre la comunidad.<\/p>\n<p style=\"text-align: justify;\">Durante la jornada, las familias de la capital podr\u00e1n disfrutar de caminatas, recorridos en bicicleta y paseos con mascotas, dentro de un circuito pensado para personas de todas las edades y preferencias deportivas.<\/p>\n<p style=\"text-align: justify;\">Alfonso S\u00e1nchez Garc\u00eda destac\u00f3 que \u201cMu\u00e9vete Tlaxcala\u201d forma parte de una pol\u00edtica p\u00fablica que busca atender las causas, impulsar la pr\u00e1ctica del ejercicio y fortalecer la seguridad y el tejido social, al reunir a ni\u00f1as, ni\u00f1os, j\u00f3venes y adultos alrededor de actividades que promueven h\u00e1bitos saludables desde edades tempranas.<\/p>\n<p style=\"text-align: justify;\">Asimismo, record\u00f3 que esta iniciativa se integra a una visi\u00f3n de gobierno enfocada en el bienestar social, lo que ha contribuido a que la capital se ubique en el noveno lugar nacional en el \u00cdndice de Desarrollo Humano, seg\u00fan el Programa de las Naciones Unidas para el Desarrollo.<\/p>\n<p style=\"text-align: justify;\">Finalmente, el alcalde invit\u00f3 a la poblaci\u00f3n a sumarse cada domingo a este circuito, que busca consolidarse como un espacio permanente para la salud, la convivencia y la uni\u00f3n de las familias tlaxcaltecas.<\/p>\n","protected":false},"excerpt":{"rendered":"<p>En un ambiente pensado para la convivencia y la activaci\u00f3n f\u00edsica, el Ayuntamiento de Tlaxcala, encabezado por Alfonso S\u00e1nchez Garc\u00eda, llevar\u00e1 a cabo este domingo una nueva jornada del Circuito Familiar \u201cMu\u00e9vete Tlaxcala\u201d. Las actividades iniciar\u00e1n a las 8:00 horas frente al Centro Cultural Universitario (CCU), donde la ciudadan\u00eda est\u00e1 invitada a participar en diversas [&hellip;]<\/p>\n","protected":false},"author":5,"featured_media":66734,"comment_status":"open","ping_status":"open","sticky":false,"template":"","format":"standard","meta":{"footnotes":""},"categories":[216,214],"tags":[],"class_list":["post-66733","post","type-post","status-publish","format-standard","has-post-thumbnail","hentry","category-municipios","category-tlaxcala-capital"],"amp_enabled":true,"_links":{"self":[{"href":"https:\/\/labestiapolitica.com.mx\/index.php?rest_route=\/wp\/v2\/posts\/66733","targetHints":{"allow":["GET"]}}],"collection":[{"href":"https:\/\/labestiapolitica.com.mx\/index.php?rest_route=\/wp\/v2\/posts"}],"about":[{"href":"https:\/\/labestiapolitica.com.mx\/index.php?rest_route=\/wp\/v2\/types\/post"}],"author":[{"embeddable":true,"href":"https:\/\/labestiapolitica.com.mx\/index.php?rest_route=\/wp\/v2\/users\/5"}],"replies":[{"embeddable":true,"href":"https:\/\/labestiapolitica.com.mx\/index.php?rest_route=%2Fwp%2Fv2%2Fcomments&post=66733"}],"version-history":[{"count":1,"href":"https:\/\/labestiapolitica.com.mx\/index.php?rest_route=\/wp\/v2\/posts\/66733\/revisions"}],"predecessor-version":[{"id":66735,"href":"https:\/\/labestiapolitica.com.mx\/index.php?rest_route=\/wp\/v2\/posts\/66733\/revisions\/66735"}],"wp:featuredmedia":[{"embeddable":true,"href":"https:\/\/labestiapolitica.com.mx\/index.php?rest_route=\/wp\/v2\/media\/66734"}],"wp:attachment":[{"href":"https:\/\/labestiapolitica.com.mx\/index.php?rest_route=%2Fwp%2Fv2%2Fmedia&parent=66733"}],"wp:term":[{"taxonomy":"category","embeddable":true,"href":"https:\/\/labestiapolitica.com.mx\/index.php?rest_route=%2Fwp%2Fv2%2Fcategories&post=66733"},{"taxonomy":"post_tag","embeddable":true,"href":"https:\/\/labestiapolitica.com.mx\/index.php?rest_route=%2Fwp%2Fv2%2Ftags&post=66733"}],"curies":[{"name":"wp","href":"https:\/\/api.w.org\/{rel}","templated":true}]}}