{"id":66736,"date":"2026-03-14T19:59:27","date_gmt":"2026-03-15T01:59:27","guid":{"rendered":"https:\/\/labestiapolitica.com.mx\/?p=66736"},"modified":"2026-03-14T19:59:27","modified_gmt":"2026-03-15T01:59:27","slug":"inicia-el-congreso-y-campeonato-estatal-charro-2026-en-huamantla","status":"publish","type":"post","link":"https:\/\/labestiapolitica.com.mx\/?p=66736","title":{"rendered":"Inicia el Congreso y Campeonato Estatal Charro 2026 en Huamantla."},"content":{"rendered":"<p style=\"text-align: justify;\">El Lienzo Charro de Huamantla fue escenario de la inauguraci\u00f3n del Congreso y Campeonato Estatal Charro Tlaxcala 2026, evento que re\u00fane a destacadas asociaciones charras de la entidad y que durante los pr\u00f3ximos meses permitir\u00e1 definir a los representantes del estado rumbo al campeonato nacional.<\/p>\n<p style=\"text-align: justify;\">La ceremonia de apertura cont\u00f3 con la presencia de representantes del sector charro, autoridades y p\u00fablico aficionado que se dio cita para ser parte del inicio de esta importante justa del deporte nacional.<\/p>\n<p style=\"text-align: justify;\">Durante el acto protocolario asisti\u00f3 el presidente de la Federaci\u00f3n Mexicana de Charrer\u00eda, Salvador Barajas del Toro, quien acompa\u00f1\u00f3 este encuentro que fortalece la pr\u00e1ctica y preservaci\u00f3n de la charrer\u00eda en la entidad.<\/p>\n<p style=\"text-align: justify;\">Uno de los momentos m\u00e1s significativos fue el homenaje rendido a Don Wiliulfo Mac\u00edas S\u00e1nchez, a quien est\u00e1 dedicado este campeonato estatal, en reconocimiento a su destacada trayectoria dentro del \u00e1mbito charro y a su ejemplo de pasi\u00f3n y compromiso con esta tradici\u00f3n, celebrando adem\u00e1s sus m\u00e1s de cien a\u00f1os de vida.<\/p>\n<p style=\"text-align: justify;\">Durante la ceremonia se reconoci\u00f3 el respaldo del presidente municipal de Huamantla, Salvador Santos Cedillo por las facilidades otorgadas para la realizaci\u00f3n de este torneo, que adem\u00e1s de impulsar el deporte nacional contribuye a preservar las tradiciones y fomentar la convivencia familiar.<\/p>\n<p style=\"text-align: justify;\">Las actividades del campeonato continuar\u00e1n hasta el domingo 22 de marzo en la primera etapa de esta competencia estatal.<\/p>\n<p style=\"text-align: justify;\">Con la realizaci\u00f3n de este evento, Huamantla reafirma su vocaci\u00f3n como sede de actividades que promueven el deporte nacional y fortalecen las tradiciones que forman parte de la identidad cultural de Tlaxcala.<\/p>\n","protected":false},"excerpt":{"rendered":"<p>El Lienzo Charro de Huamantla fue escenario de la inauguraci\u00f3n del Congreso y Campeonato Estatal Charro Tlaxcala 2026, evento que re\u00fane a destacadas asociaciones charras de la entidad y que durante los pr\u00f3ximos meses permitir\u00e1 definir a los representantes del estado rumbo al campeonato nacional. La ceremonia de apertura cont\u00f3 con la presencia de representantes [&hellip;]<\/p>\n","protected":false},"author":5,"featured_media":66737,"comment_status":"open","ping_status":"open","sticky":false,"template":"","format":"standard","meta":{"footnotes":""},"categories":[220,216],"tags":[],"class_list":["post-66736","post","type-post","status-publish","format-standard","has-post-thumbnail","hentry","category-huamantla","category-municipios"],"amp_enabled":true,"_links":{"self":[{"href":"https:\/\/labestiapolitica.com.mx\/index.php?rest_route=\/wp\/v2\/posts\/66736","targetHints":{"allow":["GET"]}}],"collection":[{"href":"https:\/\/labestiapolitica.com.mx\/index.php?rest_route=\/wp\/v2\/posts"}],"about":[{"href":"https:\/\/labestiapolitica.com.mx\/index.php?rest_route=\/wp\/v2\/types\/post"}],"author":[{"embeddable":true,"href":"https:\/\/labestiapolitica.com.mx\/index.php?rest_route=\/wp\/v2\/users\/5"}],"replies":[{"embeddable":true,"href":"https:\/\/labestiapolitica.com.mx\/index.php?rest_route=%2Fwp%2Fv2%2Fcomments&post=66736"}],"version-history":[{"count":1,"href":"https:\/\/labestiapolitica.com.mx\/index.php?rest_route=\/wp\/v2\/posts\/66736\/revisions"}],"predecessor-version":[{"id":66738,"href":"https:\/\/labestiapolitica.com.mx\/index.php?rest_route=\/wp\/v2\/posts\/66736\/revisions\/66738"}],"wp:featuredmedia":[{"embeddable":true,"href":"https:\/\/labestiapolitica.com.mx\/index.php?rest_route=\/wp\/v2\/media\/66737"}],"wp:attachment":[{"href":"https:\/\/labestiapolitica.com.mx\/index.php?rest_route=%2Fwp%2Fv2%2Fmedia&parent=66736"}],"wp:term":[{"taxonomy":"category","embeddable":true,"href":"https:\/\/labestiapolitica.com.mx\/index.php?rest_route=%2Fwp%2Fv2%2Fcategories&post=66736"},{"taxonomy":"post_tag","embeddable":true,"href":"https:\/\/labestiapolitica.com.mx\/index.php?rest_route=%2Fwp%2Fv2%2Ftags&post=66736"}],"curies":[{"name":"wp","href":"https:\/\/api.w.org\/{rel}","templated":true}]}}