{"id":66739,"date":"2026-03-14T20:02:28","date_gmt":"2026-03-15T02:02:28","guid":{"rendered":"https:\/\/labestiapolitica.com.mx\/?p=66739"},"modified":"2026-03-17T10:41:58","modified_gmt":"2026-03-17T16:41:58","slug":"estallido-en-cecyte-tlaxcala-trabajadores-denuncian-impago-salarial-y-exigen-intervencion-de-lorena-cuellar","status":"publish","type":"post","link":"https:\/\/labestiapolitica.com.mx\/?p=66739","title":{"rendered":"Estallido en CECyTE Tlaxcala: trabajadores denuncian impago salarial y exigen intervenci\u00f3n de Lorena Cu\u00e9llar."},"content":{"rendered":"<p style=\"text-align: justify;\"><em>Mariana LOVERA<\/em> | Trabajadores acad\u00e9micos, administrativos y de apoyo del Colegio de Estudios Cient\u00edficos y Tecnol\u00f3gicos (CECyTE) y EMSAD en Tlaxcala enfrentan una grave violaci\u00f3n a sus derechos laborales, al no recibir el pago correspondiente a la primera quincena de marzo, pese a lo estipulado en su Contrato Colectivo de Trabajo.<\/p>\n<p style=\"text-align: justify;\">Ante esta omisi\u00f3n, la Confederaci\u00f3n Nacional de Sindicatos de los CECyTE\u2019s \u2014que agrupa a m\u00e1s de 35 mil trabajadores en 29 estados\u2014 emiti\u00f3 un pronunciamiento dirigido a la gobernadora Lorena Cu\u00e9llar Cisneros, exigiendo su intervenci\u00f3n inmediata para destrabar el conflicto.<\/p>\n<p style=\"text-align: justify;\">En el documento, fechado el 13 de marzo de 2026, el organismo denuncia que la Direcci\u00f3n General del CECyTE Tlaxcala ha incumplido con el pago salarial, el cual debi\u00f3 realizarse a m\u00e1s tardar el \u00faltimo d\u00eda h\u00e1bil de la quincena. La confederaci\u00f3n calific\u00f3 el hecho como una violaci\u00f3n a un derecho fundamental: \u201cel sustento de los trabajadores y sus familias\u201d.<\/p>\n<p style=\"text-align: justify;\">\u201cApelamos a su voluntad pol\u00edtica para que se gestionen a la brevedad los pagos y se d\u00e9 soluci\u00f3n a esta justa demanda, que est\u00e1 generando malestar e inconformidad en toda la base trabajadora, y pone en riesgo el desarrollo laboral y acad\u00e9mico del Colegio\u201d, se\u00f1ala el escrito.<\/p>\n<p style=\"text-align: justify;\">La confederaci\u00f3n advirti\u00f3 que, de no obtener una respuesta favorable, respaldar\u00e1n las acciones que el Comit\u00e9 Ejecutivo de la secci\u00f3n sindical en Tlaxcala determine llevar a cabo en defensa de sus derechos humanos y laborales.<\/p>\n<p style=\"text-align: justify;\">El pronunciamiento concluye con un llamado en\u00e9rgico: \u201cExigimos respeto al Contrato Colectivo y al derecho al salario de los compa\u00f1eros de la Secci\u00f3n de Trabajadores Acad\u00e9micos, Administrativos, de Apoyo y de Servicios del Subsistema CECyTE-EMSAD Tlaxcala\u201d.<\/p>\n<p style=\"text-align: justify;\">Hasta el momento, no se ha emitido una postura oficial por parte del gobierno estatal ni de la direcci\u00f3n del Colegio.<\/p>\n","protected":false},"excerpt":{"rendered":"<p>Mariana LOVERA | Trabajadores acad\u00e9micos, administrativos y de apoyo del Colegio de Estudios Cient\u00edficos y Tecnol\u00f3gicos (CECyTE) y EMSAD en Tlaxcala enfrentan una grave violaci\u00f3n a sus derechos laborales, al no recibir el pago correspondiente a la primera quincena de marzo, pese a lo estipulado en su Contrato Colectivo de Trabajo. Ante esta omisi\u00f3n, la [&hellip;]<\/p>\n","protected":false},"author":6,"featured_media":66740,"comment_status":"open","ping_status":"open","sticky":false,"template":"","format":"standard","meta":{"footnotes":""},"categories":[3,12,213],"tags":[],"class_list":["post-66739","post","type-post","status-publish","format-standard","has-post-thumbnail","hentry","category-8-columnas","category-brujula-2026","category-educacion"],"amp_enabled":true,"_links":{"self":[{"href":"https:\/\/labestiapolitica.com.mx\/index.php?rest_route=\/wp\/v2\/posts\/66739","targetHints":{"allow":["GET"]}}],"collection":[{"href":"https:\/\/labestiapolitica.com.mx\/index.php?rest_route=\/wp\/v2\/posts"}],"about":[{"href":"https:\/\/labestiapolitica.com.mx\/index.php?rest_route=\/wp\/v2\/types\/post"}],"author":[{"embeddable":true,"href":"https:\/\/labestiapolitica.com.mx\/index.php?rest_route=\/wp\/v2\/users\/6"}],"replies":[{"embeddable":true,"href":"https:\/\/labestiapolitica.com.mx\/index.php?rest_route=%2Fwp%2Fv2%2Fcomments&post=66739"}],"version-history":[{"count":1,"href":"https:\/\/labestiapolitica.com.mx\/index.php?rest_route=\/wp\/v2\/posts\/66739\/revisions"}],"predecessor-version":[{"id":66741,"href":"https:\/\/labestiapolitica.com.mx\/index.php?rest_route=\/wp\/v2\/posts\/66739\/revisions\/66741"}],"wp:featuredmedia":[{"embeddable":true,"href":"https:\/\/labestiapolitica.com.mx\/index.php?rest_route=\/wp\/v2\/media\/66740"}],"wp:attachment":[{"href":"https:\/\/labestiapolitica.com.mx\/index.php?rest_route=%2Fwp%2Fv2%2Fmedia&parent=66739"}],"wp:term":[{"taxonomy":"category","embeddable":true,"href":"https:\/\/labestiapolitica.com.mx\/index.php?rest_route=%2Fwp%2Fv2%2Fcategories&post=66739"},{"taxonomy":"post_tag","embeddable":true,"href":"https:\/\/labestiapolitica.com.mx\/index.php?rest_route=%2Fwp%2Fv2%2Ftags&post=66739"}],"curies":[{"name":"wp","href":"https:\/\/api.w.org\/{rel}","templated":true}]}}