{"id":66742,"date":"2026-03-14T20:42:35","date_gmt":"2026-03-15T02:42:35","guid":{"rendered":"https:\/\/labestiapolitica.com.mx\/?p=66742"},"modified":"2026-03-14T20:43:46","modified_gmt":"2026-03-15T02:43:46","slug":"amaxac-fue-sede-el-encuentro-de-futbol-7-en-la-cancha-de-la-frontera","status":"publish","type":"post","link":"https:\/\/labestiapolitica.com.mx\/?p=66742","title":{"rendered":"Amaxac fue sede el encuentro de f\u00fatbol 7 en la cancha de La Frontera."},"content":{"rendered":"<ul>\n<li style=\"text-align: justify;\">En este encuentro se definieron a los representantes de Tlaxcala para el nacional de F\u00fatbol 7 a realizarse en la Ciudad de M\u00e9xico<\/li>\n<\/ul>\n<p style=\"text-align: justify;\">El municipio de Amaxac de Guerrero se convirti\u00f3 en el epicentro del talento deportivo al albergar las eliminatorias de F\u00fatbol 7 de la comunidad ind\u00edgena, con encuentros que tuvieron lugar en la cancha de \u00abLa Frontera\u00bb, donde diversos equipos de la regi\u00f3n se dieron cita para competir por un lugar en la fase nacional y donde no solo resalt\u00f3 la destreza f\u00edsica de los participantes, sino tambi\u00e9n el esp\u00edritu de unidad que caracteriza a las comunidades del estado.<\/p>\n<p style=\"text-align: justify;\">Tras las intensas jornadas de competencia, los equipos ganadores aseguraron su clasificaci\u00f3n para representar dignamente a Tlaxcala en el pr\u00f3ximo encuentro nacional de comunidades ind\u00edgenas, el cual se llevar\u00e1 a cabo en la Ciudad de M\u00e9xico. La disciplina y el compromiso demostrados en el terreno de juego fueron la clave para que estos j\u00f3venes atletas lograran dar el siguiente paso en su trayectoria, portando ahora el orgullo estatal.<\/p>\n<p style=\"text-align: justify;\">Dentro del cuadro de honor, destacaron las escuadras que obtuvieron su pase directo tras un desempe\u00f1o sobresaliente: Real Totolac (categor\u00eda 2016\u20132017), Coyotes Ixtacuixtla (2014\u20132015) y M\u00f3naco TLX (2010\u20132011). Asimismo, el equipo del Conalep Plantel Amaxac se impuso en la categor\u00eda 2008\u20132009, consolid\u00e1ndose como uno de los grandes protagonistas de la justa deportiva y asegurando su boleto a la capital del pa\u00eds.<\/p>\n<p style=\"text-align: justify;\">Al respecto, el presidente municipal de Amaxac de Guerrero, Mauricio Pozos Casta\u00f1\u00f3n, reconoci\u00f3 el esfuerzo de los competidores y reafirm\u00f3 el respaldo institucional hacia las actividades que impulsan el talento local como en este encuentro de F\u00fatbol 7, por lo que reiter\u00f3 que en este municipio se le ha apostamos al fomento deportivo con instalaciones adecuadas para la pr\u00e1ctica de diferentes disciplinas deportivas.<\/p>\n<p style=\"text-align: justify;\">La ceremonia cont\u00f3 con la distinguida presencia de Nadia Santacruz Flores, quien acudi\u00f3 en representaci\u00f3n del titular de la Secretar\u00eda de Turismo del Estado, Fabricio Mena Rodr\u00edguez.<\/p>\n<p style=\"text-align: justify;\">El encuentro deportivo cumpli\u00f3 con su objetivo de fortalecer la convivencia, el respeto y la participaci\u00f3n activa de la ni\u00f1ez y juventud de las comunidades ind\u00edgenas. Al promover el deporte como una herramienta fundamental de integraci\u00f3n social y, de esta forma, Amaxac reafirma su compromiso con el desarrollo integral de sus nuevas generaciones, contribuyendo al selectivo de una delegaci\u00f3n s\u00f3lida y motivada a competir a nivel nacional.<\/p>\n","protected":false},"excerpt":{"rendered":"<p>En este encuentro se definieron a los representantes de Tlaxcala para el nacional de F\u00fatbol 7 a realizarse en la Ciudad de M\u00e9xico El municipio de Amaxac de Guerrero se convirti\u00f3 en el epicentro del talento deportivo al albergar las eliminatorias de F\u00fatbol 7 de la comunidad ind\u00edgena, con encuentros que tuvieron lugar en la [&hellip;]<\/p>\n","protected":false},"author":5,"featured_media":66744,"comment_status":"open","ping_status":"open","sticky":false,"template":"","format":"standard","meta":{"footnotes":""},"categories":[265,216],"tags":[],"class_list":["post-66742","post","type-post","status-publish","format-standard","has-post-thumbnail","hentry","category-amaxac-de-guerrero","category-municipios"],"amp_enabled":true,"_links":{"self":[{"href":"https:\/\/labestiapolitica.com.mx\/index.php?rest_route=\/wp\/v2\/posts\/66742","targetHints":{"allow":["GET"]}}],"collection":[{"href":"https:\/\/labestiapolitica.com.mx\/index.php?rest_route=\/wp\/v2\/posts"}],"about":[{"href":"https:\/\/labestiapolitica.com.mx\/index.php?rest_route=\/wp\/v2\/types\/post"}],"author":[{"embeddable":true,"href":"https:\/\/labestiapolitica.com.mx\/index.php?rest_route=\/wp\/v2\/users\/5"}],"replies":[{"embeddable":true,"href":"https:\/\/labestiapolitica.com.mx\/index.php?rest_route=%2Fwp%2Fv2%2Fcomments&post=66742"}],"version-history":[{"count":2,"href":"https:\/\/labestiapolitica.com.mx\/index.php?rest_route=\/wp\/v2\/posts\/66742\/revisions"}],"predecessor-version":[{"id":66746,"href":"https:\/\/labestiapolitica.com.mx\/index.php?rest_route=\/wp\/v2\/posts\/66742\/revisions\/66746"}],"wp:featuredmedia":[{"embeddable":true,"href":"https:\/\/labestiapolitica.com.mx\/index.php?rest_route=\/wp\/v2\/media\/66744"}],"wp:attachment":[{"href":"https:\/\/labestiapolitica.com.mx\/index.php?rest_route=%2Fwp%2Fv2%2Fmedia&parent=66742"}],"wp:term":[{"taxonomy":"category","embeddable":true,"href":"https:\/\/labestiapolitica.com.mx\/index.php?rest_route=%2Fwp%2Fv2%2Fcategories&post=66742"},{"taxonomy":"post_tag","embeddable":true,"href":"https:\/\/labestiapolitica.com.mx\/index.php?rest_route=%2Fwp%2Fv2%2Ftags&post=66742"}],"curies":[{"name":"wp","href":"https:\/\/api.w.org\/{rel}","templated":true}]}}