{"id":66753,"date":"2026-03-14T21:19:37","date_gmt":"2026-03-15T03:19:37","guid":{"rendered":"https:\/\/labestiapolitica.com.mx\/?p=66753"},"modified":"2026-03-14T21:19:37","modified_gmt":"2026-03-15T03:19:37","slug":"alcalde-alfonso-sanchez-garcia-inaugura-alumbrado-publico-en-la-carretera-tlaxcala-texoloc","status":"publish","type":"post","link":"https:\/\/labestiapolitica.com.mx\/?p=66753","title":{"rendered":"Alcalde Alfonso S\u00e1nchez Garc\u00eda inaugura alumbrado p\u00fablico en la carretera Tlaxcala-Texoloc."},"content":{"rendered":"<p style=\"text-align: justify;\">El presidente municipal de Tlaxcala, Alfonso S\u00e1nchez Garc\u00eda, inaugur\u00f3 la obra de alumbrado p\u00fablico en la carretera Tlaxcala\u2013Texoloc, una acci\u00f3n que beneficiar\u00e1 a miles de familias, automovilistas y usuarios del transporte p\u00fablico que diariamente transitan por esta vialidad.<\/p>\n<p style=\"text-align: justify;\">El edil capitalino afirm\u00f3 que estas acciones fortalecen la seguridad y mejoran las condiciones de movilidad en uno de los tramos m\u00e1s transitados de la zona, al tiempo que contribuyen a recuperar espacios que durante a\u00f1os permanecieron en condiciones de abandono.<\/p>\n<p style=\"text-align: justify;\">Durante el evento, S\u00e1nchez Garc\u00eda se\u00f1al\u00f3 que este tipo de obras responden al compromiso de su administraci\u00f3n de escuchar y atender las necesidades de la poblaci\u00f3n, mediante acciones que generen bienestar y mejores condiciones de vida para las y los habitantes del municipio.<\/p>\n<p style=\"text-align: justify;\">Estas labores dan respuesta a las peticiones realizadas por habitantes de las comunidades de Acuitlapilco y San Diego Metepec.<\/p>\n<p style=\"text-align: justify;\">Inicialmente se contemplaba instalar ocho luminarias; sin embargo, tras escuchar las solicitudes de los vecinos, el proyecto se ampli\u00f3 a 11 luminarias para cubrir m\u00e1s de un kil\u00f3metro de esta vialidad, una intervenci\u00f3n que, de acuerdo con los propios habitantes, no se realizaba desde hace m\u00e1s de 60 a\u00f1os y que hoy mejora la seguridad de quienes transitan a pie por la zona.<\/p>\n","protected":false},"excerpt":{"rendered":"<p>El presidente municipal de Tlaxcala, Alfonso S\u00e1nchez Garc\u00eda, inaugur\u00f3 la obra de alumbrado p\u00fablico en la carretera Tlaxcala\u2013Texoloc, una acci\u00f3n que beneficiar\u00e1 a miles de familias, automovilistas y usuarios del transporte p\u00fablico que diariamente transitan por esta vialidad. El edil capitalino afirm\u00f3 que estas acciones fortalecen la seguridad y mejoran las condiciones de movilidad en [&hellip;]<\/p>\n","protected":false},"author":5,"featured_media":66754,"comment_status":"open","ping_status":"open","sticky":false,"template":"","format":"standard","meta":{"footnotes":""},"categories":[216,214],"tags":[],"class_list":["post-66753","post","type-post","status-publish","format-standard","has-post-thumbnail","hentry","category-municipios","category-tlaxcala-capital"],"amp_enabled":true,"_links":{"self":[{"href":"https:\/\/labestiapolitica.com.mx\/index.php?rest_route=\/wp\/v2\/posts\/66753","targetHints":{"allow":["GET"]}}],"collection":[{"href":"https:\/\/labestiapolitica.com.mx\/index.php?rest_route=\/wp\/v2\/posts"}],"about":[{"href":"https:\/\/labestiapolitica.com.mx\/index.php?rest_route=\/wp\/v2\/types\/post"}],"author":[{"embeddable":true,"href":"https:\/\/labestiapolitica.com.mx\/index.php?rest_route=\/wp\/v2\/users\/5"}],"replies":[{"embeddable":true,"href":"https:\/\/labestiapolitica.com.mx\/index.php?rest_route=%2Fwp%2Fv2%2Fcomments&post=66753"}],"version-history":[{"count":1,"href":"https:\/\/labestiapolitica.com.mx\/index.php?rest_route=\/wp\/v2\/posts\/66753\/revisions"}],"predecessor-version":[{"id":66755,"href":"https:\/\/labestiapolitica.com.mx\/index.php?rest_route=\/wp\/v2\/posts\/66753\/revisions\/66755"}],"wp:featuredmedia":[{"embeddable":true,"href":"https:\/\/labestiapolitica.com.mx\/index.php?rest_route=\/wp\/v2\/media\/66754"}],"wp:attachment":[{"href":"https:\/\/labestiapolitica.com.mx\/index.php?rest_route=%2Fwp%2Fv2%2Fmedia&parent=66753"}],"wp:term":[{"taxonomy":"category","embeddable":true,"href":"https:\/\/labestiapolitica.com.mx\/index.php?rest_route=%2Fwp%2Fv2%2Fcategories&post=66753"},{"taxonomy":"post_tag","embeddable":true,"href":"https:\/\/labestiapolitica.com.mx\/index.php?rest_route=%2Fwp%2Fv2%2Ftags&post=66753"}],"curies":[{"name":"wp","href":"https:\/\/api.w.org\/{rel}","templated":true}]}}