{"id":66761,"date":"2026-03-15T11:47:15","date_gmt":"2026-03-15T17:47:15","guid":{"rendered":"https:\/\/labestiapolitica.com.mx\/?p=66761"},"modified":"2026-03-15T11:47:15","modified_gmt":"2026-03-15T17:47:15","slug":"campeon-mexicano-isaac-del-toro-gana-el-tridente-en-la-tirreno-adriatico-2026","status":"publish","type":"post","link":"https:\/\/labestiapolitica.com.mx\/?p=66761","title":{"rendered":"\u00a1Campe\u00f3n mexicano! Isaac del Toro gana el &#8216;Tridente&#8217; en la Tirreno-Adri\u00e1tico 2026."},"content":{"rendered":"<ul>\n<li style=\"text-align: justify;\">El mexicano sum\u00f3 su segundo t\u00edtulo de la temporada tras coronarse en la competencia de Italia<\/li>\n<\/ul>\n<p style=\"text-align: justify;\">El mexicano Isaac del Toro, ciclista del UAE Team Emirates, se proclam\u00f3 este domingo campe\u00f3n de la Tirreno Adri\u00e1tico 2026 tras finalizar la etapa 7 de la competencia, pues solo necesitaba concluir luego de que un d\u00eda antes hab\u00eda asegurado la Maglia Azzurra.<\/p>\n<p style=\"text-align: justify;\">Del Toro solo necesitaba concluir la etapa 7, que gan\u00f3 este d\u00eda Jonathan Milan con un sprint final, para consumar su campeonato, pues el s\u00e1bado ya se hab\u00eda plantado de manera definitiva en el liderato de la clasificaci\u00f3n general.<\/p>\n<p style=\"text-align: justify;\">Este resultado representa la victoria n\u00famero 26 en su carrera como profesional, la cual ha despegado en el \u00faltimo a\u00f1o, y desde el Giro de Italia 2025 ha ido en ascenso, por lo que incluso ya es una integrante clave del UAE Team Emirates XRG.<\/p>\n<p style=\"text-align: justify;\">Del Toro termin\u00f3 la etapa 7 despu\u00e9s del top 10 y cruz\u00f3 la meta junto con su equipo mientras celebr\u00f3 la obtenci\u00f3n de su segundo t\u00edtulo en el UCI World Tour en la temporada 2026, en la que la inc\u00f3gnita es cual de las tres Grandes Vueltas correr\u00e1.<\/p>\n<p style=\"text-align: justify;\">Dominador absoluto de la &#8216;Carrera de los dos mares&#8217; para incluir a M\u00e9xico en la lista de ganadores de esta prestigiosa competici\u00f3n y desatar a\u00fan m\u00e1s las comparaciones con el esloveno Tadej Pogacar, que ya gan\u00f3 en estas mismas tierras en dos ocasiones (2021 y 2022). De hecho, Del Toro suma 26 victorias como profesional a sus 22 a\u00f1os, m\u00e1s de las que ten\u00eda Pogacar a esa edad.<\/p>\n<p style=\"text-align: justify;\">Su semana fue perfecta. Tom\u00f3 el control en la segunda etapa y, tras cederlo moment\u00e1neamente en la cuarta ante Pellizzari, recuper\u00f3 el liderato en la quinta y lo mantuvo hasta el final. Su mejor momento, en el final de la sexta etapa, cuando se levant\u00f3 en el tercer ascenso al Muro della Madonna delle Carceri para llegar a la meta en Camerino (3km con 8.8% y picos del 18%) en solitario tras un esfuerzo descomunal.<\/p>\n<p style=\"text-align: justify;\">Ah\u00ed dej\u00f3 claro que la Tirreno Adri\u00e1tico era suya. Porque la \u00faltima etapa no present\u00f3 dificultad para el prodigio de Ensenada. Los 142 kil\u00f3metros finales entre Civitanova Marche y San Benedetto del Tronto no depararon sorpresa alguna. Etapa sin apenas dificultad preparada para velocistas. Solo dos ascensos, el de Montefiore d&#8217;Aso (10,9 km al 3,4%) y el de Ripatransone (8,4 km al 4,6%) supusieron algo de complejidad. Nada que pudiera alterar la general.<\/p>\n<p style=\"text-align: justify;\">Despu\u00e9s, absolutamente nada. Algo menos de 80 kil\u00f3metros llanos, en el conocido como circuito de San Benedetto del Tronto, el final hist\u00f3rico de esta &#8216;Carrera de los dos mares&#8217;, con 15 km de longitud y que repitieron cinco veces para el final al esprint en el que Milan se llev\u00f3 la \u00faltima etapa.<\/p>\n<p style=\"text-align: justify;\">Tranquilo en el pelot\u00f3n estuvo Del Toro en todo momento. No vio peligrar su trono pese al inicio fren\u00e9tico que impusieron el espa\u00f1ol Xabier Zaparren (Pinarello Q36.5), el paname\u00f1o Roberto Carlos Gonz\u00e1lez (Solution Tech) y el belga Dries De Bondt (Jayco Alula).<\/p>\n<p style=\"text-align: justify;\">Llegaron los fugados con 4 minutos de ventaja a Montefiore d&#8217;Aso, monta\u00f1a no puntuable. La \u00fanica cima con puntuaci\u00f3n fue la de Ripatransone, inmediatamente despu\u00e9s, pero la &#8216;Maglia Verde&#8217; de campe\u00f3n de la monta\u00f1a ya qued\u00f3 adjudicada en la pasada etapa al espa\u00f1ol Diego Pablo Sevilla (Polti VisitMalta).<\/p>\n<p style=\"text-align: justify;\">Se quedaron sin fuerza, como previsible, los escapados. Ni si quiera pudieron coronar en solitario el segundo ascenso. Fue el neerland\u00e9s Mathieu Van der Poel (Alpecin) el que lo hizo, seguido del propio Del Toro y del esloveno Primoz Roglic (Bora), en un segundo plano toda la semana.<\/p>\n<p style=\"text-align: justify;\">Empuj\u00f3 de manera algo inesperada Van der Poel en el descenso, quiz\u00e1 pensando en la pr\u00f3xima Mil\u00e1n-San Remo del 21 de marzo. Cuando comenz\u00f3 el circuito de San Benedetto del Tronto, todo el grupo qued\u00f3 reunido. Un intento desesperado de Giulio Pellizzari qued\u00f3 en nada. Todos prepararon un final inevitable al esprint.<\/p>\n<p style=\"text-align: justify;\">Se distanci\u00f3 antes de lo previsto el noruego Jonas Abrahamsen (Uno-X) cuando, a falta de poco m\u00e1s de un kil\u00f3metro, en un giro a derecha hubo contacto y varios ciclistas fueron al suelo. Entre ellos el belga Jasper Philipsen (Alpecin) y el propio Del Toro, que tuvo que poner pie en tierra pero no tuvo problemas en terminar.<\/p>\n<p style=\"text-align: justify;\">No pudo acabar la machada Abrahamsen, neutralizado por los velocistas a escasos metros del final. Filippo Ganna (Ineos) intent\u00f3 lanzar la volata, pero fue Milan, especialista en llegadas que no hab\u00eda brillado hasta ahora, remat\u00f3 la faena con un gran esprint. Del Toro, poco despu\u00e9s, escoltado por sus compa\u00f1eros del UAE, celebr\u00f3 la gran victoria de su carrera.<\/p>\n<p style=\"text-align: justify;\"><span style=\"font-size: 14pt;\"><strong><em>Fuente: MILENIO<\/em><\/strong><\/span><\/p>\n","protected":false},"excerpt":{"rendered":"<p>El mexicano sum\u00f3 su segundo t\u00edtulo de la temporada tras coronarse en la competencia de Italia El mexicano Isaac del Toro, ciclista del UAE Team Emirates, se proclam\u00f3 este domingo campe\u00f3n de la Tirreno Adri\u00e1tico 2026 tras finalizar la etapa 7 de la competencia, pues solo necesitaba concluir luego de que un d\u00eda antes hab\u00eda [&hellip;]<\/p>\n","protected":false},"author":5,"featured_media":66762,"comment_status":"open","ping_status":"open","sticky":false,"template":"","format":"standard","meta":{"footnotes":""},"categories":[3,5,10,8],"tags":[],"class_list":["post-66761","post","type-post","status-publish","format-standard","has-post-thumbnail","hentry","category-8-columnas","category-deportes","category-nacional-e-internacional","category-redes"],"amp_enabled":true,"_links":{"self":[{"href":"https:\/\/labestiapolitica.com.mx\/index.php?rest_route=\/wp\/v2\/posts\/66761","targetHints":{"allow":["GET"]}}],"collection":[{"href":"https:\/\/labestiapolitica.com.mx\/index.php?rest_route=\/wp\/v2\/posts"}],"about":[{"href":"https:\/\/labestiapolitica.com.mx\/index.php?rest_route=\/wp\/v2\/types\/post"}],"author":[{"embeddable":true,"href":"https:\/\/labestiapolitica.com.mx\/index.php?rest_route=\/wp\/v2\/users\/5"}],"replies":[{"embeddable":true,"href":"https:\/\/labestiapolitica.com.mx\/index.php?rest_route=%2Fwp%2Fv2%2Fcomments&post=66761"}],"version-history":[{"count":1,"href":"https:\/\/labestiapolitica.com.mx\/index.php?rest_route=\/wp\/v2\/posts\/66761\/revisions"}],"predecessor-version":[{"id":66763,"href":"https:\/\/labestiapolitica.com.mx\/index.php?rest_route=\/wp\/v2\/posts\/66761\/revisions\/66763"}],"wp:featuredmedia":[{"embeddable":true,"href":"https:\/\/labestiapolitica.com.mx\/index.php?rest_route=\/wp\/v2\/media\/66762"}],"wp:attachment":[{"href":"https:\/\/labestiapolitica.com.mx\/index.php?rest_route=%2Fwp%2Fv2%2Fmedia&parent=66761"}],"wp:term":[{"taxonomy":"category","embeddable":true,"href":"https:\/\/labestiapolitica.com.mx\/index.php?rest_route=%2Fwp%2Fv2%2Fcategories&post=66761"},{"taxonomy":"post_tag","embeddable":true,"href":"https:\/\/labestiapolitica.com.mx\/index.php?rest_route=%2Fwp%2Fv2%2Ftags&post=66761"}],"curies":[{"name":"wp","href":"https:\/\/api.w.org\/{rel}","templated":true}]}}