{"id":66770,"date":"2026-03-15T15:58:18","date_gmt":"2026-03-15T21:58:18","guid":{"rendered":"https:\/\/labestiapolitica.com.mx\/?p=66770"},"modified":"2026-03-15T15:58:18","modified_gmt":"2026-03-15T21:58:18","slug":"recoleccion-de-basura-en-tetla-dependera-de-acuerdos-con-el-estado-ante-cierre-de-tiraderos","status":"publish","type":"post","link":"https:\/\/labestiapolitica.com.mx\/?p=66770","title":{"rendered":"Recolecci\u00f3n de basura en Tetla depender\u00e1 de acuerdos con el estado ante cierre de tiraderos."},"content":{"rendered":"<p style=\"text-align: justify;\"><em>Demian M\u00e1rquez<\/em> | El presidente municipal de Tetla de la Solidaridad, Giovani Montiel L\u00f3pez, reconoci\u00f3 que el servicio de recolecci\u00f3n y disposici\u00f3n final de basura enfrenta un nuevo escenario ante el cierre paulatino de tiraderos en la entidad, por lo que su administraci\u00f3n ya participa en mesas de trabajo con autoridades estatales para definir c\u00f3mo se garantizar\u00e1 la continuidad del servicio.<\/p>\n<p style=\"text-align: justify;\">El alcalde explic\u00f3 que durante varios a\u00f1os el municipio ha contado con cuatro puntos de disposici\u00f3n de residuos, aunque actualmente dos ya se encuentran cerrados, lo que reduce las opciones para el manejo de la basura.<\/p>\n<p style=\"text-align: justify;\">Ante ello, se\u00f1al\u00f3 que ser\u00e1 necesario establecer acuerdos con el gobierno estatal y otros municipios para encontrar una soluci\u00f3n que permita mantener el servicio sin afectar a la poblaci\u00f3n.<\/p>\n<p style=\"text-align: justify;\">Montiel L\u00f3pez indic\u00f3 que una de las alternativas que se analizan es la posibilidad de contar con un relleno sanitario propio; sin embargo, reconoci\u00f3 que los recursos municipales son limitados para desarrollar un proyecto de este tipo, por lo que el acompa\u00f1amiento del gobierno estatal ser\u00e1 clave para concretar cualquier infraestructura destinada al tratamiento de residuos.<\/p>\n<p style=\"text-align: justify;\">El edil adelant\u00f3 que en los pr\u00f3ximos d\u00edas se realizar\u00e1 una reuni\u00f3n de trabajo con autoridades estatales para abordar este tema y definir rutas de acci\u00f3n.<\/p>\n<p style=\"text-align: justify;\">Confi\u00f3 en que en los pr\u00f3ximos meses se pueda contar con mayor claridad sobre el modelo que se aplicar\u00e1 para la disposici\u00f3n final de la basura, con el objetivo de mantener un servicio eficiente para los habitantes de Tetla.<\/p>\n","protected":false},"excerpt":{"rendered":"<p>Demian M\u00e1rquez | El presidente municipal de Tetla de la Solidaridad, Giovani Montiel L\u00f3pez, reconoci\u00f3 que el servicio de recolecci\u00f3n y disposici\u00f3n final de basura enfrenta un nuevo escenario ante el cierre paulatino de tiraderos en la entidad, por lo que su administraci\u00f3n ya participa en mesas de trabajo con autoridades estatales para definir c\u00f3mo [&hellip;]<\/p>\n","protected":false},"author":5,"featured_media":66771,"comment_status":"open","ping_status":"open","sticky":false,"template":"","format":"standard","meta":{"footnotes":""},"categories":[3,7,216,227],"tags":[],"class_list":["post-66770","post","type-post","status-publish","format-standard","has-post-thumbnail","hentry","category-8-columnas","category-ciudadanos","category-municipios","category-tetla"],"amp_enabled":true,"_links":{"self":[{"href":"https:\/\/labestiapolitica.com.mx\/index.php?rest_route=\/wp\/v2\/posts\/66770","targetHints":{"allow":["GET"]}}],"collection":[{"href":"https:\/\/labestiapolitica.com.mx\/index.php?rest_route=\/wp\/v2\/posts"}],"about":[{"href":"https:\/\/labestiapolitica.com.mx\/index.php?rest_route=\/wp\/v2\/types\/post"}],"author":[{"embeddable":true,"href":"https:\/\/labestiapolitica.com.mx\/index.php?rest_route=\/wp\/v2\/users\/5"}],"replies":[{"embeddable":true,"href":"https:\/\/labestiapolitica.com.mx\/index.php?rest_route=%2Fwp%2Fv2%2Fcomments&post=66770"}],"version-history":[{"count":1,"href":"https:\/\/labestiapolitica.com.mx\/index.php?rest_route=\/wp\/v2\/posts\/66770\/revisions"}],"predecessor-version":[{"id":66772,"href":"https:\/\/labestiapolitica.com.mx\/index.php?rest_route=\/wp\/v2\/posts\/66770\/revisions\/66772"}],"wp:featuredmedia":[{"embeddable":true,"href":"https:\/\/labestiapolitica.com.mx\/index.php?rest_route=\/wp\/v2\/media\/66771"}],"wp:attachment":[{"href":"https:\/\/labestiapolitica.com.mx\/index.php?rest_route=%2Fwp%2Fv2%2Fmedia&parent=66770"}],"wp:term":[{"taxonomy":"category","embeddable":true,"href":"https:\/\/labestiapolitica.com.mx\/index.php?rest_route=%2Fwp%2Fv2%2Fcategories&post=66770"},{"taxonomy":"post_tag","embeddable":true,"href":"https:\/\/labestiapolitica.com.mx\/index.php?rest_route=%2Fwp%2Fv2%2Ftags&post=66770"}],"curies":[{"name":"wp","href":"https:\/\/api.w.org\/{rel}","templated":true}]}}