{"id":66773,"date":"2026-03-15T19:32:07","date_gmt":"2026-03-16T01:32:07","guid":{"rendered":"https:\/\/labestiapolitica.com.mx\/?p=66773"},"modified":"2026-03-15T19:32:07","modified_gmt":"2026-03-16T01:32:07","slug":"familias-disfrutan-de-actividad-y-convivencia-en-una-nueva-jornada-de-muevete-tlaxcala-organizada-por-el-gobierno-de-alfonso-sanchez","status":"publish","type":"post","link":"https:\/\/labestiapolitica.com.mx\/?p=66773","title":{"rendered":"Familias disfrutan de actividad y convivencia en una nueva jornada de \u00abMu\u00e9vete Tlaxcala\u00bb Organizada por el gobierno de Alfonso S\u00e1nchez."},"content":{"rendered":"<p style=\"text-align: justify;\">En un ambiente familiar y divertido se llev\u00f3 a cabo este domingo una edici\u00f3n m\u00e1s de \u201cMu\u00e9vete Tlaxcala\u201d, espacio impulsado por el gobierno municipal encabezado por Alfonso S\u00e1nchez Garc\u00eda para atender las causas y promover estilos de vida m\u00e1s saludables entre la poblaci\u00f3n.<\/p>\n<p style=\"text-align: justify;\">En esta ocasi\u00f3n, las familias participaron en un circuito que inici\u00f3 frente a la sede del Centro Cultural Universitario (CCU) y concluy\u00f3 en el entronque con la v\u00eda Polit\u00e9cnico Nacional.<\/p>\n<p style=\"text-align: justify;\">Durante la jornada, ni\u00f1as, ni\u00f1os y adultos disfrutaron de diversas actividades recreativas: algunos realizaron caminatas, otros pasearon con sus mascotas, mientras que varias personas aprovecharon el espacio para practicar ciclismo y patinaje.<\/p>\n<p style=\"text-align: justify;\">Personal del Ayuntamiento de Tlaxcala instal\u00f3 un m\u00f3dulo de hidrataci\u00f3n para los asistentes y, a trav\u00e9s de la Direcci\u00f3n de Seguridad Protecci\u00f3n Ciudadaba y Movilidad P\u00fablica del municipio, se resguard\u00f3 el circuito para garantizar el orden y la seguridad de los participantes. Asimismo, el \u00e1rea de Protecci\u00f3n Civil municipal mantuvo una ambulancia disponible durante toda la actividad para atender cualquier eventualidad.<\/p>\n<p style=\"text-align: justify;\">Con este tipo de iniciativas, el gobierno municipal busca fomentar la convivencia familiar y promover h\u00e1bitos saludables entre la poblaci\u00f3n tlaxcalteca.<\/p>\n","protected":false},"excerpt":{"rendered":"<p>En un ambiente familiar y divertido se llev\u00f3 a cabo este domingo una edici\u00f3n m\u00e1s de \u201cMu\u00e9vete Tlaxcala\u201d, espacio impulsado por el gobierno municipal encabezado por Alfonso S\u00e1nchez Garc\u00eda para atender las causas y promover estilos de vida m\u00e1s saludables entre la poblaci\u00f3n. En esta ocasi\u00f3n, las familias participaron en un circuito que inici\u00f3 frente [&hellip;]<\/p>\n","protected":false},"author":5,"featured_media":66774,"comment_status":"open","ping_status":"open","sticky":false,"template":"","format":"standard","meta":{"footnotes":""},"categories":[216,214],"tags":[],"class_list":["post-66773","post","type-post","status-publish","format-standard","has-post-thumbnail","hentry","category-municipios","category-tlaxcala-capital"],"amp_enabled":true,"_links":{"self":[{"href":"https:\/\/labestiapolitica.com.mx\/index.php?rest_route=\/wp\/v2\/posts\/66773","targetHints":{"allow":["GET"]}}],"collection":[{"href":"https:\/\/labestiapolitica.com.mx\/index.php?rest_route=\/wp\/v2\/posts"}],"about":[{"href":"https:\/\/labestiapolitica.com.mx\/index.php?rest_route=\/wp\/v2\/types\/post"}],"author":[{"embeddable":true,"href":"https:\/\/labestiapolitica.com.mx\/index.php?rest_route=\/wp\/v2\/users\/5"}],"replies":[{"embeddable":true,"href":"https:\/\/labestiapolitica.com.mx\/index.php?rest_route=%2Fwp%2Fv2%2Fcomments&post=66773"}],"version-history":[{"count":1,"href":"https:\/\/labestiapolitica.com.mx\/index.php?rest_route=\/wp\/v2\/posts\/66773\/revisions"}],"predecessor-version":[{"id":66775,"href":"https:\/\/labestiapolitica.com.mx\/index.php?rest_route=\/wp\/v2\/posts\/66773\/revisions\/66775"}],"wp:featuredmedia":[{"embeddable":true,"href":"https:\/\/labestiapolitica.com.mx\/index.php?rest_route=\/wp\/v2\/media\/66774"}],"wp:attachment":[{"href":"https:\/\/labestiapolitica.com.mx\/index.php?rest_route=%2Fwp%2Fv2%2Fmedia&parent=66773"}],"wp:term":[{"taxonomy":"category","embeddable":true,"href":"https:\/\/labestiapolitica.com.mx\/index.php?rest_route=%2Fwp%2Fv2%2Fcategories&post=66773"},{"taxonomy":"post_tag","embeddable":true,"href":"https:\/\/labestiapolitica.com.mx\/index.php?rest_route=%2Fwp%2Fv2%2Ftags&post=66773"}],"curies":[{"name":"wp","href":"https:\/\/api.w.org\/{rel}","templated":true}]}}