{"id":66776,"date":"2026-03-15T19:37:27","date_gmt":"2026-03-16T01:37:27","guid":{"rendered":"https:\/\/labestiapolitica.com.mx\/?p=66776"},"modified":"2026-03-15T19:37:27","modified_gmt":"2026-03-16T01:37:27","slug":"semana-santa-en-chiautempan-espera-mas-de-100-mil-visitantes","status":"publish","type":"post","link":"https:\/\/labestiapolitica.com.mx\/?p=66776","title":{"rendered":"Semana Santa en Chiautempan espera m\u00e1s de 100 mil visitantes."},"content":{"rendered":"<p style=\"text-align: justify;\">La presidenta municipal de Chiautempan, Blanca Angulo Meneses, destac\u00f3 que durante la temporada de Semana Santa el municipio vive una de sus expresiones culturales y religiosas m\u00e1s importantes, considerada entre las representaciones m\u00e1s significativas del pa\u00eds. Para este a\u00f1o se prev\u00e9 la llegada de m\u00e1s de cien mil feligreses y visitantes que acudir\u00e1n a presenciar las actividades y representaciones que forman parte de esta tradici\u00f3n.<\/p>\n<p style=\"text-align: justify;\">En este contexto, la celebraci\u00f3n tambi\u00e9n resalta una de las vocaciones hist\u00f3ricas del municipio: su tradici\u00f3n textil. Muchos de los vestuarios utilizados por los grupos de representaci\u00f3n son elaborados por artesanas y artesanos de distintas comunidades, quienes aportan su talento y conocimiento en la confecci\u00f3n de prendas que dan identidad y autenticidad a estas escenificaciones.<\/p>\n<p style=\"text-align: justify;\">Angulo Meneses se\u00f1al\u00f3 que, a trav\u00e9s de la Direcci\u00f3n de Cultura y Turismo, el gobierno municipal promueve el v\u00ednculo entre los grupos de representaci\u00f3n y los productores textiles locales, con el objetivo de impulsar el uso de prendas elaboradas en el propio municipio y respaldar el trabajo artesanal que distingue a Chiautempan.<\/p>\n<p style=\"text-align: justify;\">De esta manera, la tradici\u00f3n religiosa y la vocaci\u00f3n textil del municipio se entrelazan para fortalecer la identidad local y posicionar la marca \u201cHecho en Chiautempan\u201d, recientemente registrada ante el Instituto Mexicano de la Propiedad Industrial, como un distintivo que reconoce la calidad y autenticidad de los productos elaborados en el municipio.<\/p>\n","protected":false},"excerpt":{"rendered":"<p>La presidenta municipal de Chiautempan, Blanca Angulo Meneses, destac\u00f3 que durante la temporada de Semana Santa el municipio vive una de sus expresiones culturales y religiosas m\u00e1s importantes, considerada entre las representaciones m\u00e1s significativas del pa\u00eds. Para este a\u00f1o se prev\u00e9 la llegada de m\u00e1s de cien mil feligreses y visitantes que acudir\u00e1n a presenciar [&hellip;]<\/p>\n","protected":false},"author":5,"featured_media":66777,"comment_status":"open","ping_status":"open","sticky":false,"template":"","format":"standard","meta":{"footnotes":""},"categories":[215,216],"tags":[],"class_list":["post-66776","post","type-post","status-publish","format-standard","has-post-thumbnail","hentry","category-chiautempan","category-municipios"],"amp_enabled":true,"_links":{"self":[{"href":"https:\/\/labestiapolitica.com.mx\/index.php?rest_route=\/wp\/v2\/posts\/66776","targetHints":{"allow":["GET"]}}],"collection":[{"href":"https:\/\/labestiapolitica.com.mx\/index.php?rest_route=\/wp\/v2\/posts"}],"about":[{"href":"https:\/\/labestiapolitica.com.mx\/index.php?rest_route=\/wp\/v2\/types\/post"}],"author":[{"embeddable":true,"href":"https:\/\/labestiapolitica.com.mx\/index.php?rest_route=\/wp\/v2\/users\/5"}],"replies":[{"embeddable":true,"href":"https:\/\/labestiapolitica.com.mx\/index.php?rest_route=%2Fwp%2Fv2%2Fcomments&post=66776"}],"version-history":[{"count":1,"href":"https:\/\/labestiapolitica.com.mx\/index.php?rest_route=\/wp\/v2\/posts\/66776\/revisions"}],"predecessor-version":[{"id":66778,"href":"https:\/\/labestiapolitica.com.mx\/index.php?rest_route=\/wp\/v2\/posts\/66776\/revisions\/66778"}],"wp:featuredmedia":[{"embeddable":true,"href":"https:\/\/labestiapolitica.com.mx\/index.php?rest_route=\/wp\/v2\/media\/66777"}],"wp:attachment":[{"href":"https:\/\/labestiapolitica.com.mx\/index.php?rest_route=%2Fwp%2Fv2%2Fmedia&parent=66776"}],"wp:term":[{"taxonomy":"category","embeddable":true,"href":"https:\/\/labestiapolitica.com.mx\/index.php?rest_route=%2Fwp%2Fv2%2Fcategories&post=66776"},{"taxonomy":"post_tag","embeddable":true,"href":"https:\/\/labestiapolitica.com.mx\/index.php?rest_route=%2Fwp%2Fv2%2Ftags&post=66776"}],"curies":[{"name":"wp","href":"https:\/\/api.w.org\/{rel}","templated":true}]}}