{"id":66779,"date":"2026-03-15T21:09:22","date_gmt":"2026-03-16T03:09:22","guid":{"rendered":"https:\/\/labestiapolitica.com.mx\/?p=66779"},"modified":"2026-03-15T21:09:22","modified_gmt":"2026-03-16T03:09:22","slug":"espiritu-festivo-y-tradicion-espanita-vive-un-carnaval-inolvidable","status":"publish","type":"post","link":"https:\/\/labestiapolitica.com.mx\/?p=66779","title":{"rendered":"Esp\u00edritu festivo y tradici\u00f3n: Espa\u00f1ita vive un carnaval inolvidable."},"content":{"rendered":"<p style=\"text-align: justify;\">El municipio de Espa\u00f1ita se visti\u00f3 de color y alegr\u00eda este fin de semana con la celebraci\u00f3n de su tradicional carnaval, una fiesta que convoc\u00f3 a cientos de familias locales y turistas de diversas entidades del pa\u00eds. La jornada transcurri\u00f3 en un ambiente de sana convivencia, donde la m\u00fasica y el folclor fueron los protagonistas.<\/p>\n<p style=\"text-align: justify;\">El recorrido estuvo marcado por la energ\u00eda de las comparsas, destacando la participaci\u00f3n de la camada de Yauhquemehcan, agrupaciones de otros municipios vecinos y, por supuesto, la emblem\u00e1tica camada original de Espa\u00f1ita. Con sus vistosos trajes y danzas al ritmo de la m\u00fasica tradicional, los huehues mantuvieron vivo el esp\u00edritu de una de las celebraciones m\u00e1s arraigadas de la regi\u00f3n.<\/p>\n<p style=\"text-align: justify;\">Para garantizar el orden y la diversi\u00f3n de los asistentes, se despleg\u00f3 un operativo de seguridad que cubri\u00f3 desde el barrio de Las Torres hasta el centro del municipio, punto final del desfile y escenario del gran cierre de fiesta. Esto permiti\u00f3 que las familias pudieran disfrutar sin contratiempos de cada momento de la celebraci\u00f3n.<\/p>\n<p style=\"text-align: justify;\">El presidente municipal, Juan Carlos Galindo L\u00f3pez, se sum\u00f3 al festejo y recorri\u00f3 las calles compartiendo con los ciudadanos. Durante la jornada, el edil destac\u00f3 la relevancia de mantener vivas estas expresiones culturales que unen a la comunidad y atraen visitantes. Asimismo, las autoridades locales reportaron un saldo blanco y agradecieron la colaboraci\u00f3n ciudadana para vivir un carnaval lleno de tradici\u00f3n, respeto y alegr\u00eda colectiva.<\/p>\n","protected":false},"excerpt":{"rendered":"<p>El municipio de Espa\u00f1ita se visti\u00f3 de color y alegr\u00eda este fin de semana con la celebraci\u00f3n de su tradicional carnaval, una fiesta que convoc\u00f3 a cientos de familias locales y turistas de diversas entidades del pa\u00eds. La jornada transcurri\u00f3 en un ambiente de sana convivencia, donde la m\u00fasica y el folclor fueron los protagonistas. [&hellip;]<\/p>\n","protected":false},"author":5,"featured_media":66780,"comment_status":"open","ping_status":"open","sticky":false,"template":"","format":"standard","meta":{"footnotes":""},"categories":[274,216],"tags":[],"class_list":["post-66779","post","type-post","status-publish","format-standard","has-post-thumbnail","hentry","category-espanita","category-municipios"],"amp_enabled":true,"_links":{"self":[{"href":"https:\/\/labestiapolitica.com.mx\/index.php?rest_route=\/wp\/v2\/posts\/66779","targetHints":{"allow":["GET"]}}],"collection":[{"href":"https:\/\/labestiapolitica.com.mx\/index.php?rest_route=\/wp\/v2\/posts"}],"about":[{"href":"https:\/\/labestiapolitica.com.mx\/index.php?rest_route=\/wp\/v2\/types\/post"}],"author":[{"embeddable":true,"href":"https:\/\/labestiapolitica.com.mx\/index.php?rest_route=\/wp\/v2\/users\/5"}],"replies":[{"embeddable":true,"href":"https:\/\/labestiapolitica.com.mx\/index.php?rest_route=%2Fwp%2Fv2%2Fcomments&post=66779"}],"version-history":[{"count":1,"href":"https:\/\/labestiapolitica.com.mx\/index.php?rest_route=\/wp\/v2\/posts\/66779\/revisions"}],"predecessor-version":[{"id":66781,"href":"https:\/\/labestiapolitica.com.mx\/index.php?rest_route=\/wp\/v2\/posts\/66779\/revisions\/66781"}],"wp:featuredmedia":[{"embeddable":true,"href":"https:\/\/labestiapolitica.com.mx\/index.php?rest_route=\/wp\/v2\/media\/66780"}],"wp:attachment":[{"href":"https:\/\/labestiapolitica.com.mx\/index.php?rest_route=%2Fwp%2Fv2%2Fmedia&parent=66779"}],"wp:term":[{"taxonomy":"category","embeddable":true,"href":"https:\/\/labestiapolitica.com.mx\/index.php?rest_route=%2Fwp%2Fv2%2Fcategories&post=66779"},{"taxonomy":"post_tag","embeddable":true,"href":"https:\/\/labestiapolitica.com.mx\/index.php?rest_route=%2Fwp%2Fv2%2Ftags&post=66779"}],"curies":[{"name":"wp","href":"https:\/\/api.w.org\/{rel}","templated":true}]}}