{"id":66811,"date":"2026-03-16T15:19:17","date_gmt":"2026-03-16T21:19:17","guid":{"rendered":"https:\/\/labestiapolitica.com.mx\/?p=66811"},"modified":"2026-03-16T15:19:17","modified_gmt":"2026-03-16T21:19:17","slug":"zacualpan-fortalece-su-infraestructura-con-la-rehabilitacion-del-panteon-municipal-zacualpan","status":"publish","type":"post","link":"https:\/\/labestiapolitica.com.mx\/?p=66811","title":{"rendered":"Zacualpan fortalece su infraestructura con la rehabilitaci\u00f3n del Pante\u00f3n Municipal  Zacualpan"},"content":{"rendered":"<p style=\"text-align: justify;\">La presidenta municipal de Sandra Corona Padilla, en compa\u00f1\u00eda de la gobernadora del estado, Lorena Cu\u00e9llar Cisneros, encabez\u00f3 la entrega de la obra de rehabilitaci\u00f3n del Pante\u00f3n Municipal, un espacio de profundo significado para las familias de San Jer\u00f3nimo Zacualpan.<\/p>\n<p style=\"text-align: justify;\">Durante el evento, las autoridades destacaron la importancia de dignificar este lugar que representa memoria, respeto y tradici\u00f3n para la comunidad. Con estas acciones, el Gobierno Municipal refrenda su compromiso de mejorar los espacios p\u00fablicos que forman parte de la identidad y la historia de Zacualpan.<\/p>\n<p style=\"text-align: justify;\">La alcaldesa Sandra Corona Padilla agradeci\u00f3 el respaldo de la gobernadora Lorena Cu\u00e9llar, se\u00f1alando que el trabajo coordinado entre los distintos niveles de gobierno permite seguir impulsando obras que benefician directamente a la poblaci\u00f3n.<\/p>\n<p style=\"text-align: justify;\">\u201cGracias, gobernadora, por caminar de la mano con Zacualpan y por su compromiso con nuestro municipio. Cuando hay cercan\u00eda y trabajo en equipo, las cosas buenas siguen llegando para nuestra gente\u201d, expres\u00f3 la presidenta municipal.<\/p>\n<p style=\"text-align: justify;\">Por su parte, la visita de la gobernadora fue recibida con entusiasmo por autoridades y habitantes del municipio, reafirmando la cercan\u00eda entre el gobierno estatal y la comunidad.<\/p>\n<p style=\"text-align: justify;\">Con acciones como esta, el Gobierno Municipal contin\u00faa trabajando para fortalecer el bienestar de las familias y mantener a Zacualpan como un Pueblo de Bien, donde la colaboraci\u00f3n y el compromiso siguen impulsando el desarrollo del municipio.<\/p>\n","protected":false},"excerpt":{"rendered":"<p>La presidenta municipal de Sandra Corona Padilla, en compa\u00f1\u00eda de la gobernadora del estado, Lorena Cu\u00e9llar Cisneros, encabez\u00f3 la entrega de la obra de rehabilitaci\u00f3n del Pante\u00f3n Municipal, un espacio de profundo significado para las familias de San Jer\u00f3nimo Zacualpan. Durante el evento, las autoridades destacaron la importancia de dignificar este lugar que representa memoria, [&hellip;]<\/p>\n","protected":false},"author":3,"featured_media":66812,"comment_status":"open","ping_status":"open","sticky":false,"template":"","format":"standard","meta":{"footnotes":""},"categories":[216,219],"tags":[],"class_list":["post-66811","post","type-post","status-publish","format-standard","has-post-thumbnail","hentry","category-municipios","category-san-jeronimo-zacualpan"],"amp_enabled":true,"_links":{"self":[{"href":"https:\/\/labestiapolitica.com.mx\/index.php?rest_route=\/wp\/v2\/posts\/66811","targetHints":{"allow":["GET"]}}],"collection":[{"href":"https:\/\/labestiapolitica.com.mx\/index.php?rest_route=\/wp\/v2\/posts"}],"about":[{"href":"https:\/\/labestiapolitica.com.mx\/index.php?rest_route=\/wp\/v2\/types\/post"}],"author":[{"embeddable":true,"href":"https:\/\/labestiapolitica.com.mx\/index.php?rest_route=\/wp\/v2\/users\/3"}],"replies":[{"embeddable":true,"href":"https:\/\/labestiapolitica.com.mx\/index.php?rest_route=%2Fwp%2Fv2%2Fcomments&post=66811"}],"version-history":[{"count":1,"href":"https:\/\/labestiapolitica.com.mx\/index.php?rest_route=\/wp\/v2\/posts\/66811\/revisions"}],"predecessor-version":[{"id":66813,"href":"https:\/\/labestiapolitica.com.mx\/index.php?rest_route=\/wp\/v2\/posts\/66811\/revisions\/66813"}],"wp:featuredmedia":[{"embeddable":true,"href":"https:\/\/labestiapolitica.com.mx\/index.php?rest_route=\/wp\/v2\/media\/66812"}],"wp:attachment":[{"href":"https:\/\/labestiapolitica.com.mx\/index.php?rest_route=%2Fwp%2Fv2%2Fmedia&parent=66811"}],"wp:term":[{"taxonomy":"category","embeddable":true,"href":"https:\/\/labestiapolitica.com.mx\/index.php?rest_route=%2Fwp%2Fv2%2Fcategories&post=66811"},{"taxonomy":"post_tag","embeddable":true,"href":"https:\/\/labestiapolitica.com.mx\/index.php?rest_route=%2Fwp%2Fv2%2Ftags&post=66811"}],"curies":[{"name":"wp","href":"https:\/\/api.w.org\/{rel}","templated":true}]}}