{"id":66823,"date":"2026-03-16T17:02:08","date_gmt":"2026-03-16T23:02:08","guid":{"rendered":"https:\/\/labestiapolitica.com.mx\/?p=66823"},"modified":"2026-03-16T17:02:08","modified_gmt":"2026-03-16T23:02:08","slug":"%f0%9f%9a%93-seguridad-publica-de-panotla-logra-detencion-de-presunto-responsable-de-robo-de-motocicleta-%f0%9f%8f%8d%ef%b8%8f","status":"publish","type":"post","link":"https:\/\/labestiapolitica.com.mx\/?p=66823","title":{"rendered":"\ud83d\ude93 Seguridad P\u00fablica de Panotla Logra Detenci\u00f3n de Presunto Responsable de Robo de Motocicleta \ud83c\udfcd\ufe0f"},"content":{"rendered":"<p style=\"text-align: justify;\">La Direcci\u00f3n de Seguridad P\u00fablica y Vialidad del municipio de Panotla informa que, gracias a los recorridos preventivos permanentes que se realizan para inhibir actos delictivos, se logr\u00f3 la detenci\u00f3n de un masculino identificado como Iv\u00e1n N., de 40 a\u00f1os de edad, quien presuntamente habr\u00eda robado una motocicleta marca Vento en la comunidad de San Jorge Tezoquipan.<\/p>\n<p style=\"text-align: justify;\">De acuerdo con el reporte, los elementos de seguridad actuaron conforme a los protocolos establecidos, lo que permiti\u00f3 localizar y recuperar la motocicleta reportada como robada. \ud83d\udd0d<\/p>\n<p style=\"text-align: justify;\">El masculino fue puesto a disposici\u00f3n de la Fiscal\u00eda General de Justicia del Estado de Tlaxcala, donde la autoridad competente determinar\u00e1 su situaci\u00f3n legal conforme a derecho. \u2696\ufe0f<\/p>\n<p style=\"text-align: justify;\">La Direcci\u00f3n de Seguridad P\u00fablica y Vialidad reiter\u00f3 que continuar\u00e1 reforzando los operativos y recorridos de vigilancia en el municipio, con el objetivo de garantizar la seguridad y tranquilidad de las familias de Panotla. \ud83d\udc6e\u200d\u2642\ufe0f\ud83e\udd1d\ud83d\udc68\u200d\ud83d\udc69\u200d\ud83d\udc67\u200d\ud83d\udc66<\/p>\n","protected":false},"excerpt":{"rendered":"<p>La Direcci\u00f3n de Seguridad P\u00fablica y Vialidad del municipio de Panotla informa que, gracias a los recorridos preventivos permanentes que se realizan para inhibir actos delictivos, se logr\u00f3 la detenci\u00f3n de un masculino identificado como Iv\u00e1n N., de 40 a\u00f1os de edad, quien presuntamente habr\u00eda robado una motocicleta marca Vento en la comunidad de San [&hellip;]<\/p>\n","protected":false},"author":3,"featured_media":66824,"comment_status":"open","ping_status":"open","sticky":false,"template":"","format":"standard","meta":{"footnotes":""},"categories":[216,237],"tags":[],"class_list":["post-66823","post","type-post","status-publish","format-standard","has-post-thumbnail","hentry","category-municipios","category-panotla"],"amp_enabled":true,"_links":{"self":[{"href":"https:\/\/labestiapolitica.com.mx\/index.php?rest_route=\/wp\/v2\/posts\/66823","targetHints":{"allow":["GET"]}}],"collection":[{"href":"https:\/\/labestiapolitica.com.mx\/index.php?rest_route=\/wp\/v2\/posts"}],"about":[{"href":"https:\/\/labestiapolitica.com.mx\/index.php?rest_route=\/wp\/v2\/types\/post"}],"author":[{"embeddable":true,"href":"https:\/\/labestiapolitica.com.mx\/index.php?rest_route=\/wp\/v2\/users\/3"}],"replies":[{"embeddable":true,"href":"https:\/\/labestiapolitica.com.mx\/index.php?rest_route=%2Fwp%2Fv2%2Fcomments&post=66823"}],"version-history":[{"count":1,"href":"https:\/\/labestiapolitica.com.mx\/index.php?rest_route=\/wp\/v2\/posts\/66823\/revisions"}],"predecessor-version":[{"id":66825,"href":"https:\/\/labestiapolitica.com.mx\/index.php?rest_route=\/wp\/v2\/posts\/66823\/revisions\/66825"}],"wp:featuredmedia":[{"embeddable":true,"href":"https:\/\/labestiapolitica.com.mx\/index.php?rest_route=\/wp\/v2\/media\/66824"}],"wp:attachment":[{"href":"https:\/\/labestiapolitica.com.mx\/index.php?rest_route=%2Fwp%2Fv2%2Fmedia&parent=66823"}],"wp:term":[{"taxonomy":"category","embeddable":true,"href":"https:\/\/labestiapolitica.com.mx\/index.php?rest_route=%2Fwp%2Fv2%2Fcategories&post=66823"},{"taxonomy":"post_tag","embeddable":true,"href":"https:\/\/labestiapolitica.com.mx\/index.php?rest_route=%2Fwp%2Fv2%2Ftags&post=66823"}],"curies":[{"name":"wp","href":"https:\/\/api.w.org\/{rel}","templated":true}]}}