{"id":66833,"date":"2026-03-16T22:50:23","date_gmt":"2026-03-17T04:50:23","guid":{"rendered":"https:\/\/labestiapolitica.com.mx\/?p=66833"},"modified":"2026-03-17T06:14:07","modified_gmt":"2026-03-17T12:14:07","slug":"la-justicia-necesita-diferentes-voces-paola-sosa-vargas-inaugura-conferencias-por-el-8m-en-la-uatx","status":"publish","type":"post","link":"https:\/\/labestiapolitica.com.mx\/?p=66833","title":{"rendered":"\u201cLa justicia necesita diferentes voces\u201d: Paola Sosa Vargas inaugura conferencias por el 8M en la UATx"},"content":{"rendered":"<ul>\n<li class=\"p1\" style=\"text-align: justify;\">La magistrada presidenta del Tribunal de Conciliaci\u00f3n y Arbitraje de Tlaxcala encabez\u00f3 un evento conmemorativo donde destac\u00f3 el papel de las mujeres en la impartici\u00f3n de justicia y la necesidad de diversidad en las decisiones judiciales.<\/li>\n<\/ul>\n<p class=\"p1\" style=\"text-align: justify;\"><span class=\"s1\">Mariana LOVERA\/\/ Con un auditorio lleno y la presencia de m\u00e1s de un centenar de asistentes, se llev\u00f3 a cabo el ciclo de conferencias \u201cLos retos de las mujeres en la impartici\u00f3n de justicia\u201d, en el Auditorio \u201cDoctor Luis Carbajal Espino\u201d de la Universidad Aut\u00f3noma de Tlaxcala (UATx). El evento, organizado por el Tribunal de Conciliaci\u00f3n y Arbitraje (TCyA) en conjunto con la UATx, el Tribunal Superior de Justicia y la Universidad Iberoamericana, form\u00f3 parte de las actividades conmemorativas por el D\u00eda Internacional de la Mujer.<\/span><\/p>\n<p class=\"p1\" style=\"text-align: justify;\"><span class=\"s1\">La magistrada presidenta del TCyA, Paola Sosa Vargas, fue la encargada de dar la bienvenida a las y los asistentes, entre los que se encontraban funcionarias y funcionarios de los tres poderes del estado, representantes de organismos aut\u00f3nomos, estudiantes y p\u00fablico en general. En su mensaje, Sosa Vargas enfatiz\u00f3 la relevancia de abrir espacios para las mujeres en el \u00e1mbito judicial y reflexion\u00f3 sobre los avances y desaf\u00edos que persisten.<\/span><\/p>\n<p class=\"p1\" style=\"text-align: justify;\"><span class=\"s1\">\u201cHoy quiero hablar de algo muy importante: el papel de las mujeres en la justicia. Durante mucho tiempo, las mujeres tuvieron que luchar para ser escuchadas, para estudiar, para ocupar cargos importantes y para demostrar que tambi\u00e9n pod\u00edan tomar decisiones que impactan a toda la sociedad\u201d, expres\u00f3 la magistrada.<\/span><\/p>\n<p class=\"p1\" style=\"text-align: justify;\"><span class=\"s1\">Sosa Vargas subray\u00f3 que la justicia se fortalece cuando incorpora distintas perspectivas: \u201cLa justicia necesita diferentes voces, diferentes experiencias y diferentes perspectivas. Por eso, cuando una mujer llega a ser jueza, abogada, magistrada o defensora de derechos, no solo est\u00e1 logrando un sue\u00f1o personal, tambi\u00e9n est\u00e1 abriendo el camino para muchas otras\u201d.<\/span><\/p>\n<p class=\"p1\" style=\"text-align: justify;\"><span class=\"s1\">La titular del TCyA concluy\u00f3 su intervenci\u00f3n con un mensaje incluyente: \u201cLas mujeres en la justicia nos recuerdan que defender lo justo no tiene g\u00e9nero, y que cuando todas las voces participan, la justicia se vuelve m\u00e1s fuerte y m\u00e1s humana\u201d.<\/span><\/p>\n<p class=\"p1\" style=\"text-align: justify;\"><span class=\"s1\">Posteriormente, se desarrollaron dos ponencias: la primera a cargo de la doctora Mar\u00eda Fernanda Santos de la Rosa, catedr\u00e1tica de la IBERO y especialista en derechos humanos, quien disert\u00f3 sobre \u201cAvances y Retos Pendientes para una vida libre de violencia\u201d; la segunda, ofrecida por Anabel Salado Ram\u00edrez, titular de la Unidad de Igualdad de G\u00e9nero del TSJE, con el tema \u201cPerspectiva de G\u00e9nero y Neutralidad Institucional\u201d.<\/span><\/p>\n<p style=\"text-align: justify;\">La tercera ponencia estuvo a cargo de Alejandra Ba\u00f1os Espinola, Jueza de Distrito especializado en el Sistema penal acusatorio adscrita al Centro de justicia penal federal en el Estado de Tlaxcala, quien habl\u00f3 sobre c\u00f3mo \u00a0juzgar con perspectiva de g\u00e9nero en materia penal.<\/p>\n<p class=\"p1\" style=\"text-align: justify;\"><span class=\"s1\">Al finalizar las conferencias, el pleno de magistradas y magistrados del TCyA entreg\u00f3 reconocimientos y obsequios a las ponentes. <\/span><\/p>\n","protected":false},"excerpt":{"rendered":"<p>La magistrada presidenta del Tribunal de Conciliaci\u00f3n y Arbitraje de Tlaxcala encabez\u00f3 un evento conmemorativo donde destac\u00f3 el papel de las mujeres en la impartici\u00f3n de justicia y la necesidad de diversidad en las decisiones judiciales. Mariana LOVERA\/\/ Con un auditorio lleno y la presencia de m\u00e1s de un centenar de asistentes, se llev\u00f3 a [&hellip;]<\/p>\n","protected":false},"author":6,"featured_media":66834,"comment_status":"open","ping_status":"open","sticky":false,"template":"","format":"standard","meta":{"footnotes":""},"categories":[3,7],"tags":[],"class_list":["post-66833","post","type-post","status-publish","format-standard","has-post-thumbnail","hentry","category-8-columnas","category-ciudadanos"],"amp_enabled":true,"_links":{"self":[{"href":"https:\/\/labestiapolitica.com.mx\/index.php?rest_route=\/wp\/v2\/posts\/66833","targetHints":{"allow":["GET"]}}],"collection":[{"href":"https:\/\/labestiapolitica.com.mx\/index.php?rest_route=\/wp\/v2\/posts"}],"about":[{"href":"https:\/\/labestiapolitica.com.mx\/index.php?rest_route=\/wp\/v2\/types\/post"}],"author":[{"embeddable":true,"href":"https:\/\/labestiapolitica.com.mx\/index.php?rest_route=\/wp\/v2\/users\/6"}],"replies":[{"embeddable":true,"href":"https:\/\/labestiapolitica.com.mx\/index.php?rest_route=%2Fwp%2Fv2%2Fcomments&post=66833"}],"version-history":[{"count":3,"href":"https:\/\/labestiapolitica.com.mx\/index.php?rest_route=\/wp\/v2\/posts\/66833\/revisions"}],"predecessor-version":[{"id":66837,"href":"https:\/\/labestiapolitica.com.mx\/index.php?rest_route=\/wp\/v2\/posts\/66833\/revisions\/66837"}],"wp:featuredmedia":[{"embeddable":true,"href":"https:\/\/labestiapolitica.com.mx\/index.php?rest_route=\/wp\/v2\/media\/66834"}],"wp:attachment":[{"href":"https:\/\/labestiapolitica.com.mx\/index.php?rest_route=%2Fwp%2Fv2%2Fmedia&parent=66833"}],"wp:term":[{"taxonomy":"category","embeddable":true,"href":"https:\/\/labestiapolitica.com.mx\/index.php?rest_route=%2Fwp%2Fv2%2Fcategories&post=66833"},{"taxonomy":"post_tag","embeddable":true,"href":"https:\/\/labestiapolitica.com.mx\/index.php?rest_route=%2Fwp%2Fv2%2Ftags&post=66833"}],"curies":[{"name":"wp","href":"https:\/\/api.w.org\/{rel}","templated":true}]}}